{"id":7403,"date":"2024-01-28T21:58:00","date_gmt":"2024-01-28T21:58:00","guid":{"rendered":"https:\/\/followtheyellowshell.com\/?p=7403"},"modified":"2025-06-05T15:38:20","modified_gmt":"2025-06-05T14:38:20","slug":"albergues-on-el-camino-de-santiago","status":"publish","type":"post","link":"https:\/\/followtheyellowshell.com\/fr\/albergues-on-el-camino-de-santiago\/","title":{"rendered":"Albergues sur le Chemin de Saint-Jacques : Ce qu'il faut savoir"},"content":{"rendered":"<div data-elementor-type=\"wp-post\" data-elementor-id=\"7403\" class=\"elementor elementor-7403\" data-elementor-post-type=\"post\">\n\t\t\t\t\t\t<section class=\"elementor-section elementor-top-section elementor-element elementor-element-38ae7ee elementor-section-boxed elementor-section-height-default elementor-section-height-default\" data-id=\"38ae7ee\" data-element_type=\"section\" data-e-type=\"section\">\n\t\t\t\t\t\t<div class=\"elementor-container elementor-column-gap-default\">\n\t\t\t\t\t<div class=\"elementor-column elementor-col-100 elementor-top-column elementor-element elementor-element-1e9159b\" data-id=\"1e9159b\" data-element_type=\"column\" data-e-type=\"column\">\n\t\t\t<div class=\"elementor-widget-wrap elementor-element-populated\">\n\t\t\t\t\t\t<div class=\"elementor-element elementor-element-8b0a0d4 elementor-widget elementor-widget-text-editor\" data-id=\"8b0a0d4\" data-element_type=\"widget\" data-e-type=\"widget\" data-widget_type=\"text-editor.default\">\n\t\t\t\t<div class=\"elementor-widget-container\">\n\t\t\t\t\t\t\t\t\t<p>Vous envisagez d'entreprendre le p\u00e8lerinage spirituel du Chemin de Saint-Jacques ? L'un des aspects les plus importants de votre p\u00e8lerinage sera l'endroit o\u00f9 vous passerez la nuit.<span class=\"Apple-converted-space\">\u00a0<\/span><\/p><p>Les albergues, \u00e9galement connues sous le nom d'auberges, offrent une exp\u00e9rience unique et commune aux p\u00e8lerins du Camino.<span class=\"Apple-converted-space\">\u00a0<\/span><\/p><p style=\"font-size: 20px; font-style: normal;\">Dans cet article, nous allons vous pr\u00e9senter ce qu'il faut savoir sur les albergues sur le Chemin de Saint-Jacques - de leur histoire et de leurs \u00e9quipements \u00e0 la fa\u00e7on de r\u00e9server et de pr\u00e9parer votre s\u00e9jour.\u00a0<\/p><p style=\"font-size: 20px; font-style: normal;\">Que vous soyez un v\u00e9t\u00e9ran chevronn\u00e9 ou un p\u00e8lerin d\u00e9butant, ce guide complet vous aidera \u00e0 vivre une exp\u00e9rience confortable et m\u00e9morable lors de votre voyage sur le Camino.<\/p>\t\t\t\t\t\t\t\t<\/div>\n\t\t\t\t<\/div>\n\t\t\t\t<div class=\"elementor-element elementor-element-09ec7fc elementor-grid-1 elementor-grid-tablet-2 elementor-grid-mobile-1 elementor-posts--thumbnail-top elementor-card-shadow-yes elementor-posts__hover-gradient elementor-widget elementor-widget-posts\" data-id=\"09ec7fc\" data-element_type=\"widget\" data-e-type=\"widget\" data-settings=\"{&quot;cards_columns&quot;:&quot;1&quot;,&quot;cards_columns_tablet&quot;:&quot;2&quot;,&quot;cards_columns_mobile&quot;:&quot;1&quot;,&quot;cards_row_gap&quot;:{&quot;unit&quot;:&quot;px&quot;,&quot;size&quot;:35,&quot;sizes&quot;:[]},&quot;cards_row_gap_tablet&quot;:{&quot;unit&quot;:&quot;px&quot;,&quot;size&quot;:&quot;&quot;,&quot;sizes&quot;:[]},&quot;cards_row_gap_mobile&quot;:{&quot;unit&quot;:&quot;px&quot;,&quot;size&quot;:&quot;&quot;,&quot;sizes&quot;:[]}}\" data-widget_type=\"posts.cards\">\n\t\t\t\t<div class=\"elementor-widget-container\">\n\t\t\t\t\t\t\t<div class=\"elementor-posts-container elementor-posts elementor-posts--skin-cards elementor-grid\" role=\"list\">\n\t\t\t\t<article class=\"elementor-post elementor-grid-item post-7343 post type-post status-publish format-standard has-post-thumbnail hentry category-camino-de-santiago tag-gifts\" role=\"listitem\">\n\t\t\t<div class=\"elementor-post__card\">\n\t\t\t\t<a class=\"elementor-post__thumbnail__link\" href=\"https:\/\/followtheyellowshell.com\/fr\/idees-de-cadeaux-pour-le-camino-de-santiago\/\" tabindex=\"-1\" ><div class=\"elementor-post__thumbnail\"><img fetchpriority=\"high\" decoding=\"async\" data-attachment-id=\"7842\" data-permalink=\"https:\/\/followtheyellowshell.com\/fr\/hd-wallpaper-away-hill-3408119\/\" data-orig-file=\"https:\/\/i0.wp.com\/followtheyellowshell.com\/wp-content\/uploads\/2022\/09\/hd-wallpaper-away-hill-3408119.jpg?fit=1280%2C720&amp;ssl=1\" data-orig-size=\"1280,720\" data-comments-opened=\"1\" data-image-meta=\"{&quot;aperture&quot;:&quot;0&quot;,&quot;credit&quot;:&quot;&quot;,&quot;camera&quot;:&quot;&quot;,&quot;caption&quot;:&quot;&quot;,&quot;created_timestamp&quot;:&quot;0&quot;,&quot;copyright&quot;:&quot;&quot;,&quot;focal_length&quot;:&quot;0&quot;,&quot;iso&quot;:&quot;0&quot;,&quot;shutter_speed&quot;:&quot;0&quot;,&quot;title&quot;:&quot;&quot;,&quot;orientation&quot;:&quot;0&quot;}\" data-image-title=\"John brierley camino de santiago guidebook\" data-image-description=\"&lt;p&gt;John brierley camino de santiago guidebook&lt;\/p&gt;\" data-image-caption=\"&lt;p&gt;John brierley camino de santiago guidebook&lt;\/p&gt;\" data-large-file=\"https:\/\/i0.wp.com\/followtheyellowshell.com\/wp-content\/uploads\/2022\/09\/hd-wallpaper-away-hill-3408119.jpg?fit=1024%2C576&amp;ssl=1\" width=\"300\" height=\"169\" src=\"https:\/\/i0.wp.com\/followtheyellowshell.com\/wp-content\/uploads\/2022\/09\/hd-wallpaper-away-hill-3408119.jpg?fit=300%2C169&amp;ssl=1\" class=\"attachment-medium size-medium wp-image-7842\" alt=\"Guide du camino de santiago de John brierley\" srcset=\"https:\/\/i0.wp.com\/followtheyellowshell.com\/wp-content\/uploads\/2022\/09\/hd-wallpaper-away-hill-3408119.jpg?w=1280&amp;ssl=1 1280w, https:\/\/i0.wp.com\/followtheyellowshell.com\/wp-content\/uploads\/2022\/09\/hd-wallpaper-away-hill-3408119.jpg?resize=300%2C169&amp;ssl=1 300w, https:\/\/i0.wp.com\/followtheyellowshell.com\/wp-content\/uploads\/2022\/09\/hd-wallpaper-away-hill-3408119.jpg?resize=1024%2C576&amp;ssl=1 1024w, https:\/\/i0.wp.com\/followtheyellowshell.com\/wp-content\/uploads\/2022\/09\/hd-wallpaper-away-hill-3408119.jpg?resize=150%2C84&amp;ssl=1 150w, https:\/\/i0.wp.com\/followtheyellowshell.com\/wp-content\/uploads\/2022\/09\/hd-wallpaper-away-hill-3408119.jpg?resize=768%2C432&amp;ssl=1 768w\" sizes=\"(max-width: 300px) 100vw, 300px\" \/><\/div><\/a>\n\t\t\t\t<div class=\"elementor-post__text\">\n\t\t\t\t<div class=\"elementor-post__title\">\n\t\t\t<a href=\"https:\/\/followtheyellowshell.com\/fr\/idees-de-cadeaux-pour-le-camino-de-santiago\/\" >\n\t\t\t\t22 id\u00e9es de cadeaux pour les p\u00e8lerins du Camino de Santiago\t\t\t<\/a>\n\t\t<\/div>\n\t\t\n\t\t<a class=\"elementor-post__read-more\" href=\"https:\/\/followtheyellowshell.com\/fr\/idees-de-cadeaux-pour-le-camino-de-santiago\/\" aria-label=\"En savoir plus sur 22 Pilgrim Camino de Santiago Gift Ideas\" tabindex=\"-1\" >\n\t\t\tCONSULTEZ-LES D\u00c8S \u00c0 PR\u00c9SENT\u00bb\t\t<\/a>\n\n\t\t\t\t<\/div>\n\t\t\t\t\t<\/div>\n\t\t<\/article>\n\t\t\t\t<\/div>\n\t\t\n\t\t\t\t\t\t<\/div>\n\t\t\t\t<\/div>\n\t\t\t\t<div class=\"elementor-element elementor-element-dcfbf76 elementor-widget elementor-widget-heading\" data-id=\"dcfbf76\" data-element_type=\"widget\" data-e-type=\"widget\" data-widget_type=\"heading.default\">\n\t\t\t\t<div class=\"elementor-widget-container\">\n\t\t\t\t\t<h2 class=\"elementor-heading-title elementor-size-default\">Qu'est-ce qu'un Camino Albergue ?<\/h2>\t\t\t\t<\/div>\n\t\t\t\t<\/div>\n\t\t\t\t<div class=\"elementor-element elementor-element-021ffc1 elementor-widget elementor-widget-text-editor\" data-id=\"021ffc1\" data-element_type=\"widget\" data-e-type=\"widget\" data-widget_type=\"text-editor.default\">\n\t\t\t\t<div class=\"elementor-widget-container\">\n\t\t\t\t\t\t\t\t\t<p><span style=\"font-weight: 400;\">Un albergue Camino est un type d'h\u00e9bergement \u00e9conomique sp\u00e9cialement con\u00e7u pour les p\u00e8lerins qui marchent, font du v\u00e9lo ou montent \u00e0 cheval sur le Camino de Santiago.\u00a0<\/span><\/p><p><span style=\"font-weight: 400;\">Les albergues sont g\u00e9n\u00e9ralement petites, basiques et bon march\u00e9, et elles sont destin\u00e9es \u00e0 fournir un endroit pour dormir, se doucher et parfois manger aux p\u00e8lerins sur le Camino.<\/span><\/p><p><span style=\"font-weight: 400;\">Elle propose g\u00e9n\u00e9ralement des chambres simples de type dortoir avec des installations communes et des lits superpos\u00e9s. Certaines albergues proposent \u00e9galement des chambres priv\u00e9es.<\/span><\/p>\t\t\t\t\t\t\t\t<\/div>\n\t\t\t\t<\/div>\n\t\t\t\t<div class=\"elementor-element elementor-element-f436d87 elementor-widget elementor-widget-image\" data-id=\"f436d87\" data-element_type=\"widget\" data-e-type=\"widget\" data-widget_type=\"image.default\">\n\t\t\t\t<div class=\"elementor-widget-container\">\n\t\t\t\t\t\t\t\t\t\t\t\t\t\t\t<img decoding=\"async\" data-attachment-id=\"12418\" data-permalink=\"https:\/\/followtheyellowshell.com\/fr\/albergues-on-el-camino-de-santiago\/albergues-on-el-camino-de-santiago-2\/\" data-orig-file=\"https:\/\/i0.wp.com\/followtheyellowshell.com\/wp-content\/uploads\/2023\/02\/Albergues-on-El-Camino-de-Santiago.jpg?fit=1000%2C1500&amp;ssl=1\" data-orig-size=\"1000,1500\" data-comments-opened=\"1\" data-image-meta=\"{&quot;aperture&quot;:&quot;0&quot;,&quot;credit&quot;:&quot;&quot;,&quot;camera&quot;:&quot;&quot;,&quot;caption&quot;:&quot;&quot;,&quot;created_timestamp&quot;:&quot;0&quot;,&quot;copyright&quot;:&quot;&quot;,&quot;focal_length&quot;:&quot;0&quot;,&quot;iso&quot;:&quot;0&quot;,&quot;shutter_speed&quot;:&quot;0&quot;,&quot;title&quot;:&quot;&quot;,&quot;orientation&quot;:&quot;0&quot;}\" data-image-title=\"Albergues on El Camino de Santiago\" data-image-description=\"&lt;p&gt;Albergues on El Camino de Santiago&lt;\/p&gt;\" data-image-caption=\"&lt;p&gt;Albergues on El Camino de Santiago&lt;\/p&gt;\" data-large-file=\"https:\/\/i0.wp.com\/followtheyellowshell.com\/wp-content\/uploads\/2023\/02\/Albergues-on-El-Camino-de-Santiago.jpg?fit=683%2C1024&amp;ssl=1\" width=\"683\" height=\"1024\" src=\"https:\/\/i0.wp.com\/followtheyellowshell.com\/wp-content\/uploads\/2023\/02\/Albergues-on-El-Camino-de-Santiago.jpg?fit=683%2C1024&amp;ssl=1\" class=\"attachment-large size-large wp-image-12418\" alt=\"Albergues sur le Chemin de Saint-Jacques\" srcset=\"https:\/\/i0.wp.com\/followtheyellowshell.com\/wp-content\/uploads\/2023\/02\/Albergues-on-El-Camino-de-Santiago.jpg?w=1000&amp;ssl=1 1000w, https:\/\/i0.wp.com\/followtheyellowshell.com\/wp-content\/uploads\/2023\/02\/Albergues-on-El-Camino-de-Santiago.jpg?resize=200%2C300&amp;ssl=1 200w, https:\/\/i0.wp.com\/followtheyellowshell.com\/wp-content\/uploads\/2023\/02\/Albergues-on-El-Camino-de-Santiago.jpg?resize=683%2C1024&amp;ssl=1 683w, https:\/\/i0.wp.com\/followtheyellowshell.com\/wp-content\/uploads\/2023\/02\/Albergues-on-El-Camino-de-Santiago.jpg?resize=100%2C150&amp;ssl=1 100w, https:\/\/i0.wp.com\/followtheyellowshell.com\/wp-content\/uploads\/2023\/02\/Albergues-on-El-Camino-de-Santiago.jpg?resize=768%2C1152&amp;ssl=1 768w\" sizes=\"(max-width: 683px) 100vw, 683px\" \/>\t\t\t\t\t\t\t\t\t\t\t\t\t\t\t<\/div>\n\t\t\t\t<\/div>\n\t\t\t\t<div class=\"elementor-element elementor-element-a2a7e3d elementor-widget elementor-widget-heading\" data-id=\"a2a7e3d\" data-element_type=\"widget\" data-e-type=\"widget\" data-widget_type=\"heading.default\">\n\t\t\t\t<div class=\"elementor-widget-container\">\n\t\t\t\t\t<h2 class=\"elementor-heading-title elementor-size-default\">Que signifie Albergue ?<\/h2>\t\t\t\t<\/div>\n\t\t\t\t<\/div>\n\t\t\t\t<div class=\"elementor-element elementor-element-985707d elementor-widget elementor-widget-text-editor\" data-id=\"985707d\" data-element_type=\"widget\" data-e-type=\"widget\" data-widget_type=\"text-editor.default\">\n\t\t\t\t<div class=\"elementor-widget-container\">\n\t\t\t\t\t\t\t\t\t<p><span style=\"font-weight: 400;\">Le mot \u201calbergue\u201d en espagnol signifie \u201cabri\u201d ou \u201cauberge\u201d. Dans le contexte du Camino de Santiago, il d\u00e9signe un type de lieu o\u00f9 les p\u00e8lerins peuvent se reposer, dormir et se rafra\u00eechir avant de poursuivre leur chemin. Un abri pour les p\u00e8lerins.<\/span><\/p><p><span style=\"font-style: inherit; color: var(--ast-global-color-3); background-color: var(--ast-global-color-4);\">Apr\u00e8s avoir march\u00e9 de nombreuses fois sur le Camino, j'ai d\u00e9couvert que les albergues ont toutes sortes de formes et de tailles. Certaines sont extraordinaires avec des piscines (il n'y en a pas beaucoup) et d'autres sont vraiment basiques.\u00a0<\/span><\/p><p><span style=\"font-style: inherit; color: var(--ast-global-color-3); background-color: var(--ast-global-color-4);\">Chaque jour est diff\u00e9rent, mais les p\u00e8lerins seront toujours l\u00e0. Voici une excellente ressource pour <strong><a href=\"https:\/\/caminoalbergue.com\/listing-category\/camino-frances\" target=\"_blank\" rel=\"noopener\">Albergues<\/a><\/strong> sur le Camino Frances et d'autres itin\u00e9raires de camino.<\/span><\/p>\t\t\t\t\t\t\t\t<\/div>\n\t\t\t\t<\/div>\n\t\t\t\t<div class=\"elementor-element elementor-element-c6370f6 elementor-widget elementor-widget-html\" data-id=\"c6370f6\" data-element_type=\"widget\" data-e-type=\"widget\" data-widget_type=\"html.default\">\n\t\t\t\t<div class=\"elementor-widget-container\">\n\t\t\t\t\t<style>.tp_wrapper{max-width: 1024px;}.tp_title{background-color: #DCF9FD; \/* header background color *\/ margin: 0; padding: 8px 32px; font-size: 26px; font-weight: 550; text-align: center;}.tp_subtitle{margin: 0 0 16px; font-size: 20px; font-weight: 550; line-height: 130%}.tp_content{background-color: #eeeeee; \/* main block background color *\/ padding: 16px 32px;}.tp_link{text-decoration: none; color: #fa3c67; \/* link color *\/}.tp_list{margin: 0; padding: 0 0 0 20px; font-size: 18px; font-weight: 400; line-height: 145%;}.tp_list_item{margin-bottom: 16px;}.tp_text{font-size: 20px; font-weight: 400; line-height: 145%; margin: 0;}.tp_button{display: inline-block; background: #fa3c67; border-radius: 6px; box-sizing: border-box; cursor: pointer; color: #fff; font-size: 18px; font-weight: 550; font-family: Roboto; margin-top: 18px; padding: 6px 24px; text-decoration: none;}.tp_border{border: 1px solid #2A243B;}.tp_tip{margin: 0 0 10px; font-weight: 700; font-size: 24px;}}<\/style>\n<div class=\"tp_wrapper\">\n  <div class=\"tp_content\">\n    <p class=\"tp_subtitle\">Suivre un cours sur le Camino de Santiago<\/p>\n    <p class=\"tp_text\">UDEMY est un endroit id\u00e9al pour suivre un cours et apprendre ce qu'il faut pour marcher sur le Camino de Santiago.<\/p>\n    <a href=\"https:\/\/click.linksynergy.com\/deeplink?id=OywGvThcXMM&amp;mid=39197&amp;murl=https%3A%2F%2Fwww.udemy.com%2Fcourse%2Fcamino-de-santiago-prep-course%2F\" class=\"tp_button\" target=\"_blank\" rel=\"noopener\">D\u00e9couvrez-les ici<\/a>\n  <\/div>\n<\/div>\n\t\t\t\t<\/div>\n\t\t\t\t<\/div>\n\t\t\t\t<div class=\"elementor-element elementor-element-61bf351 elementor-widget elementor-widget-heading\" data-id=\"61bf351\" data-element_type=\"widget\" data-e-type=\"widget\" data-widget_type=\"heading.default\">\n\t\t\t\t<div class=\"elementor-widget-container\">\n\t\t\t\t\t<h2 class=\"elementor-heading-title elementor-size-default\">Quelle est la diff\u00e9rence entre une albergue, une auberge et une pension ?<\/h2>\t\t\t\t<\/div>\n\t\t\t\t<\/div>\n\t\t\t\t<div class=\"elementor-element elementor-element-5dbc8e2 elementor-widget elementor-widget-text-editor\" data-id=\"5dbc8e2\" data-element_type=\"widget\" data-e-type=\"widget\" data-widget_type=\"text-editor.default\">\n\t\t\t\t<div class=\"elementor-widget-container\">\n\t\t\t\t\t\t\t\t\t<p><span style=\"font-weight: 400;\">La principale diff\u00e9rence entre une albergue, une auberge et une pension est le type d'h\u00e9bergement qu'elles proposent. <\/span><\/p>\t\t\t\t\t\t\t\t<\/div>\n\t\t\t\t<\/div>\n\t\t\t\t<div class=\"elementor-element elementor-element-c8875f2 elementor-widget elementor-widget-heading\" data-id=\"c8875f2\" data-element_type=\"widget\" data-e-type=\"widget\" data-widget_type=\"heading.default\">\n\t\t\t\t<div class=\"elementor-widget-container\">\n\t\t\t\t\t<h3 class=\"elementor-heading-title elementor-size-default\">Albergues<\/h3>\t\t\t\t<\/div>\n\t\t\t\t<\/div>\n\t\t\t\t<div class=\"elementor-element elementor-element-3a28f75 elementor-widget elementor-widget-text-editor\" data-id=\"3a28f75\" data-element_type=\"widget\" data-e-type=\"widget\" data-widget_type=\"text-editor.default\">\n\t\t\t\t<div class=\"elementor-widget-container\">\n\t\t\t\t\t\t\t\t\t<p><span style=\"font-weight: 400;\">Les albergues sont sp\u00e9cialement con\u00e7ues pour les p\u00e8lerins et proposent des chambres simples, de type dortoir, avec des installations communes, et constituent g\u00e9n\u00e9ralement l'option d'h\u00e9bergement la moins ch\u00e8re. <\/span><\/p>\t\t\t\t\t\t\t\t<\/div>\n\t\t\t\t<\/div>\n\t\t\t\t<div class=\"elementor-element elementor-element-8f45362 elementor-widget elementor-widget-heading\" data-id=\"8f45362\" data-element_type=\"widget\" data-e-type=\"widget\" data-widget_type=\"heading.default\">\n\t\t\t\t<div class=\"elementor-widget-container\">\n\t\t\t\t\t<h3 class=\"elementor-heading-title elementor-size-default\">Auberges<\/h3>\t\t\t\t<\/div>\n\t\t\t\t<\/div>\n\t\t\t\t<div class=\"elementor-element elementor-element-60a67d2 elementor-widget elementor-widget-text-editor\" data-id=\"60a67d2\" data-element_type=\"widget\" data-e-type=\"widget\" data-widget_type=\"text-editor.default\">\n\t\t\t\t<div class=\"elementor-widget-container\">\n\t\t\t\t\t\t\t\t\t<p><span style=\"font-weight: 400;\">Les auberges sont similaires aux albergues, mais ne sont pas r\u00e9serv\u00e9es aux voyageurs du Camino de Santiago, car tout le monde peut y s\u00e9journer. Parfois, les auberges sont situ\u00e9es en dehors du chemin principal du camino.<\/span><\/p>\t\t\t\t\t\t\t\t<\/div>\n\t\t\t\t<\/div>\n\t\t\t\t<div class=\"elementor-element elementor-element-7a4941b elementor-widget elementor-widget-heading\" data-id=\"7a4941b\" data-element_type=\"widget\" data-e-type=\"widget\" data-widget_type=\"heading.default\">\n\t\t\t\t<div class=\"elementor-widget-container\">\n\t\t\t\t\t<h3 class=\"elementor-heading-title elementor-size-default\">Pensions<\/h3>\t\t\t\t<\/div>\n\t\t\t\t<\/div>\n\t\t\t\t<div class=\"elementor-element elementor-element-d6b674e elementor-widget elementor-widget-text-editor\" data-id=\"d6b674e\" data-element_type=\"widget\" data-e-type=\"widget\" data-widget_type=\"text-editor.default\">\n\t\t\t\t<div class=\"elementor-widget-container\">\n\t\t\t\t\t\t\t\t\t<p><span style=\"font-weight: 400;\">Les pensions sont g\u00e9n\u00e9ralement plus haut de gamme, comme les chambres d'h\u00f4tes, et proposent des chambres priv\u00e9es avec salle de bain.\u00a0<\/span><\/p><p><span style=\"font-weight: 400;\">Si vous avez envie de faire une pause dans votre h\u00e9bergement en dortoir, les pensions sont un petit luxe bienvenu sur la piste.<\/span><\/p><p><span style=\"font-weight: 400;\">Lorsque j'ai parcouru l'ensemble de la <a href=\"https:\/\/followtheyellowshell.com\/fr\/camino-frances\/\"><strong>Camino Frances<\/strong><\/a> J'ai s\u00e9journ\u00e9 dans une pension \u00e0 deux reprises au cours du voyage, juste pour avoir un peu de luxe et une bonne nuit de sommeil.<\/span><\/p>\t\t\t\t\t\t\t\t<\/div>\n\t\t\t\t<\/div>\n\t\t\t\t<div class=\"elementor-element elementor-element-e413fcb elementor-widget elementor-widget-image\" data-id=\"e413fcb\" data-element_type=\"widget\" data-e-type=\"widget\" data-widget_type=\"image.default\">\n\t\t\t\t<div class=\"elementor-widget-container\">\n\t\t\t\t\t\t\t\t\t\t\t\t\t\t\t<img decoding=\"async\" data-attachment-id=\"12424\" data-permalink=\"https:\/\/followtheyellowshell.com\/fr\/albergues-on-el-camino-de-santiago\/municipal-albergue-on-el-camino-de-santiago\/\" data-orig-file=\"https:\/\/i0.wp.com\/followtheyellowshell.com\/wp-content\/uploads\/2023\/02\/Municipal-albergue-on-el-camino-de-santiago.jpg?fit=1656%2C956&amp;ssl=1\" data-orig-size=\"1656,956\" data-comments-opened=\"1\" data-image-meta=\"{&quot;aperture&quot;:&quot;0&quot;,&quot;credit&quot;:&quot;&quot;,&quot;camera&quot;:&quot;&quot;,&quot;caption&quot;:&quot;&quot;,&quot;created_timestamp&quot;:&quot;0&quot;,&quot;copyright&quot;:&quot;&quot;,&quot;focal_length&quot;:&quot;0&quot;,&quot;iso&quot;:&quot;0&quot;,&quot;shutter_speed&quot;:&quot;0&quot;,&quot;title&quot;:&quot;&quot;,&quot;orientation&quot;:&quot;0&quot;}\" data-image-title=\"Municipal albergue on el camino de santiago\" data-image-description=\"&lt;p&gt;Municipal albergue on el camino de santiago&lt;\/p&gt;\" data-image-caption=\"&lt;p&gt;Municipal albergue on el camino de santiago&lt;\/p&gt;\" data-large-file=\"https:\/\/i0.wp.com\/followtheyellowshell.com\/wp-content\/uploads\/2023\/02\/Municipal-albergue-on-el-camino-de-santiago.jpg?fit=1024%2C591&amp;ssl=1\" width=\"1024\" height=\"591\" src=\"https:\/\/i0.wp.com\/followtheyellowshell.com\/wp-content\/uploads\/2023\/02\/Municipal-albergue-on-el-camino-de-santiago.jpg?fit=1024%2C591&amp;ssl=1\" class=\"attachment-large size-large wp-image-12424\" alt=\"Albergue municipale sur le camino de santiago\" srcset=\"https:\/\/i0.wp.com\/followtheyellowshell.com\/wp-content\/uploads\/2023\/02\/Municipal-albergue-on-el-camino-de-santiago.jpg?w=1656&amp;ssl=1 1656w, https:\/\/i0.wp.com\/followtheyellowshell.com\/wp-content\/uploads\/2023\/02\/Municipal-albergue-on-el-camino-de-santiago.jpg?resize=300%2C173&amp;ssl=1 300w, https:\/\/i0.wp.com\/followtheyellowshell.com\/wp-content\/uploads\/2023\/02\/Municipal-albergue-on-el-camino-de-santiago.jpg?resize=1024%2C591&amp;ssl=1 1024w, https:\/\/i0.wp.com\/followtheyellowshell.com\/wp-content\/uploads\/2023\/02\/Municipal-albergue-on-el-camino-de-santiago.jpg?resize=150%2C87&amp;ssl=1 150w, https:\/\/i0.wp.com\/followtheyellowshell.com\/wp-content\/uploads\/2023\/02\/Municipal-albergue-on-el-camino-de-santiago.jpg?resize=768%2C443&amp;ssl=1 768w, https:\/\/i0.wp.com\/followtheyellowshell.com\/wp-content\/uploads\/2023\/02\/Municipal-albergue-on-el-camino-de-santiago.jpg?resize=1536%2C887&amp;ssl=1 1536w\" sizes=\"(max-width: 1000px) 100vw, 1000px\" \/>\t\t\t\t\t\t\t\t\t\t\t\t\t\t\t<\/div>\n\t\t\t\t<\/div>\n\t\t\t\t<div class=\"elementor-element elementor-element-5ff7edc elementor-widget elementor-widget-heading\" data-id=\"5ff7edc\" data-element_type=\"widget\" data-e-type=\"widget\" data-widget_type=\"heading.default\">\n\t\t\t\t<div class=\"elementor-widget-container\">\n\t\t\t\t\t<h2 class=\"elementor-heading-title elementor-size-default\">Albergues publiques ou priv\u00e9es sur le Camino de Santiago<\/h2>\t\t\t\t<\/div>\n\t\t\t\t<\/div>\n\t\t\t\t<div class=\"elementor-element elementor-element-f105fe1 elementor-widget elementor-widget-text-editor\" data-id=\"f105fe1\" data-element_type=\"widget\" data-e-type=\"widget\" data-widget_type=\"text-editor.default\">\n\t\t\t\t<div class=\"elementor-widget-container\">\n\t\t\t\t\t\t\t\t\t<p><span style=\"font-weight: 400;\">Il existe deux types d'albergues pour le Camino de Santiago : les albergues publiques et les albergues priv\u00e9es. <\/span><\/p>\t\t\t\t\t\t\t\t<\/div>\n\t\t\t\t<\/div>\n\t\t\t\t<div class=\"elementor-element elementor-element-e6fe00c elementor-widget elementor-widget-heading\" data-id=\"e6fe00c\" data-element_type=\"widget\" data-e-type=\"widget\" data-widget_type=\"heading.default\">\n\t\t\t\t<div class=\"elementor-widget-container\">\n\t\t\t\t\t<h3 class=\"elementor-heading-title elementor-size-default\">Public Albergues<\/h3>\t\t\t\t<\/div>\n\t\t\t\t<\/div>\n\t\t\t\t<div class=\"elementor-element elementor-element-1892cd3 elementor-widget elementor-widget-text-editor\" data-id=\"1892cd3\" data-element_type=\"widget\" data-e-type=\"widget\" data-widget_type=\"text-editor.default\">\n\t\t\t\t<div class=\"elementor-widget-container\">\n\t\t\t\t\t\t\t\t\t<p><span style=\"font-weight: 400;\">Les albergues publiques sont g\u00e9r\u00e9es par les autorit\u00e9s locales et sont g\u00e9n\u00e9ralement moins ch\u00e8res. Elles offrent des \u00e9quipements de base et une atmosph\u00e8re plus communautaire. <\/span><\/p>\t\t\t\t\t\t\t\t<\/div>\n\t\t\t\t<\/div>\n\t\t\t\t<div class=\"elementor-element elementor-element-f6fab22 elementor-widget elementor-widget-heading\" data-id=\"f6fab22\" data-element_type=\"widget\" data-e-type=\"widget\" data-widget_type=\"heading.default\">\n\t\t\t\t<div class=\"elementor-widget-container\">\n\t\t\t\t\t<h3 class=\"elementor-heading-title elementor-size-default\">Albergues priv\u00e9es<\/h3>\t\t\t\t<\/div>\n\t\t\t\t<\/div>\n\t\t\t\t<div class=\"elementor-element elementor-element-813661d elementor-widget elementor-widget-text-editor\" data-id=\"813661d\" data-element_type=\"widget\" data-e-type=\"widget\" data-widget_type=\"text-editor.default\">\n\t\t\t\t<div class=\"elementor-widget-container\">\n\t\t\t\t\t\t\t\t\t<p><span style=\"font-weight: 400;\">Les albergues priv\u00e9es sont g\u00e9r\u00e9es par des particuliers ou des organisations et sont souvent plus ch\u00e8res. Elles offrent un niveau d'\u00e9quipement plus \u00e9lev\u00e9 et une exp\u00e9rience plus personnelle.<\/span><\/p><p><span style=\"font-weight: 400;\">J'ai s\u00e9journ\u00e9 dans les deux types d'albergues et j'utilise normalement les albergues publiques tous les jours et les albergues priv\u00e9es tous les 5 ou 6 jours pour me faire plaisir et trouver un peu de tranquillit\u00e9.<\/span><\/p>\t\t\t\t\t\t\t\t<\/div>\n\t\t\t\t<\/div>\n\t\t\t\t<div class=\"elementor-element elementor-element-d5b11a1 elementor-widget elementor-widget-heading\" data-id=\"d5b11a1\" data-element_type=\"widget\" data-e-type=\"widget\" data-widget_type=\"heading.default\">\n\t\t\t\t<div class=\"elementor-widget-container\">\n\t\t\t\t\t<h2 class=\"elementor-heading-title elementor-size-default\">Qu'est-ce qu'un albergue de la Xunta ? Albergue municipal<\/h2>\t\t\t\t<\/div>\n\t\t\t\t<\/div>\n\t\t\t\t<div class=\"elementor-element elementor-element-5cfdfc9 elementor-widget elementor-widget-text-editor\" data-id=\"5cfdfc9\" data-element_type=\"widget\" data-e-type=\"widget\" data-widget_type=\"text-editor.default\">\n\t\t\t\t<div class=\"elementor-widget-container\">\n\t\t\t\t\t\t\t\t\t<p><span style=\"font-weight: 400;\">Un albergue de la Xunta, \u00e9galement connu sous le nom d'albergue municipal, est un type d'albergue public sur le Camino de Santiago. Elle est g\u00e9r\u00e9e par le gouvernement r\u00e9gional (Xunta) et offre des services de base \u00e0 un prix modique.<\/span><\/p><p><span style=\"font-weight: 400;\">Ces albergues ne peuvent pas \u00eatre r\u00e9serv\u00e9es et fonctionnent selon le principe du premier arriv\u00e9, premier servi. Vous verrez normalement des sacs \u00e0 dos align\u00e9s devant la porte d'entr\u00e9e, car elles ouvrent g\u00e9n\u00e9ralement vers 15 heures.<\/span><\/p><p><span style=\"font-weight: 400;\">Si vous arrivez \u00e0 cette heure-l\u00e0, mettez votre sac \u00e0 dos dans la file d'attente et, \u00e0 l'ouverture, vous serez enregistr\u00e9 et recevrez un num\u00e9ro de lit. C'est peu co\u00fbteux, propre et basique, mais c'est un excellent moyen de se loger sur le Camino.<\/span><\/p>\t\t\t\t\t\t\t\t<\/div>\n\t\t\t\t<\/div>\n\t\t\t\t<div class=\"elementor-element elementor-element-2389a8b elementor-widget elementor-widget-image\" data-id=\"2389a8b\" data-element_type=\"widget\" data-e-type=\"widget\" data-widget_type=\"image.default\">\n\t\t\t\t<div class=\"elementor-widget-container\">\n\t\t\t\t\t\t\t\t\t\t\t\t\t\t\t<img loading=\"lazy\" decoding=\"async\" data-attachment-id=\"12470\" data-permalink=\"https:\/\/followtheyellowshell.com\/fr\/albergues-on-el-camino-de-santiago\/backpacks-outside-albergues-on-el-camino-de-santiago\/\" data-orig-file=\"https:\/\/i0.wp.com\/followtheyellowshell.com\/wp-content\/uploads\/2023\/02\/Backpacks-outside-albergues-on-el-camino-de-santiago.jpg?fit=640%2C427&amp;ssl=1\" data-orig-size=\"640,427\" data-comments-opened=\"1\" data-image-meta=\"{&quot;aperture&quot;:&quot;0&quot;,&quot;credit&quot;:&quot;&quot;,&quot;camera&quot;:&quot;&quot;,&quot;caption&quot;:&quot;&quot;,&quot;created_timestamp&quot;:&quot;0&quot;,&quot;copyright&quot;:&quot;&quot;,&quot;focal_length&quot;:&quot;0&quot;,&quot;iso&quot;:&quot;0&quot;,&quot;shutter_speed&quot;:&quot;0&quot;,&quot;title&quot;:&quot;&quot;,&quot;orientation&quot;:&quot;0&quot;}\" data-image-title=\"Backpacks outside albergues on el camino de santiago\" data-image-description=\"\" data-image-caption=\"&lt;p&gt;Backpacks outside albergues on el camino de santiago&lt;\/p&gt;\" data-large-file=\"https:\/\/i0.wp.com\/followtheyellowshell.com\/wp-content\/uploads\/2023\/02\/Backpacks-outside-albergues-on-el-camino-de-santiago.jpg?fit=640%2C427&amp;ssl=1\" width=\"640\" height=\"427\" src=\"https:\/\/i0.wp.com\/followtheyellowshell.com\/wp-content\/uploads\/2023\/02\/Backpacks-outside-albergues-on-el-camino-de-santiago.jpg?fit=640%2C427&amp;ssl=1\" class=\"attachment-large size-large wp-image-12470\" alt=\"Sacs \u00e0 dos \u00e0 l&#039;ext\u00e9rieur des albergues sur le camino de santiago\" srcset=\"https:\/\/i0.wp.com\/followtheyellowshell.com\/wp-content\/uploads\/2023\/02\/Backpacks-outside-albergues-on-el-camino-de-santiago.jpg?w=640&amp;ssl=1 640w, https:\/\/i0.wp.com\/followtheyellowshell.com\/wp-content\/uploads\/2023\/02\/Backpacks-outside-albergues-on-el-camino-de-santiago.jpg?resize=300%2C200&amp;ssl=1 300w, https:\/\/i0.wp.com\/followtheyellowshell.com\/wp-content\/uploads\/2023\/02\/Backpacks-outside-albergues-on-el-camino-de-santiago.jpg?resize=150%2C100&amp;ssl=1 150w\" sizes=\"(max-width: 640px) 100vw, 640px\" \/>\t\t\t\t\t\t\t\t\t\t\t\t\t\t\t<\/div>\n\t\t\t\t<\/div>\n\t\t\t\t<div class=\"elementor-element elementor-element-ef875c1 elementor-widget elementor-widget-heading\" data-id=\"ef875c1\" data-element_type=\"widget\" data-e-type=\"widget\" data-widget_type=\"heading.default\">\n\t\t\t\t<div class=\"elementor-widget-container\">\n\t\t\t\t\t<h2 class=\"elementor-heading-title elementor-size-default\">Les Albergues proposent-ils des chambres priv\u00e9es ?<\/h2>\t\t\t\t<\/div>\n\t\t\t\t<\/div>\n\t\t\t\t<div class=\"elementor-element elementor-element-d2116a8 elementor-widget elementor-widget-text-editor\" data-id=\"d2116a8\" data-element_type=\"widget\" data-e-type=\"widget\" data-widget_type=\"text-editor.default\">\n\t\t\t\t<div class=\"elementor-widget-container\">\n\t\t\t\t\t\t\t\t\t<p><span style=\"font-weight: 400;\">Certains albergues sur le Camino proposent des chambres priv\u00e9es. Elles sont un peu plus ch\u00e8res que les chambres en dortoir mais peuvent offrir une plus grande intimit\u00e9, bien que, d'apr\u00e8s mon exp\u00e9rience, elles ne soient pas tr\u00e8s r\u00e9pandues.<\/span><\/p>\t\t\t\t\t\t\t\t<\/div>\n\t\t\t\t<\/div>\n\t\t\t\t<div class=\"elementor-element elementor-element-14253b3 elementor-widget elementor-widget-heading\" data-id=\"14253b3\" data-element_type=\"widget\" data-e-type=\"widget\" data-widget_type=\"heading.default\">\n\t\t\t\t<div class=\"elementor-widget-container\">\n\t\t\t\t\t<h2 class=\"elementor-heading-title elementor-size-default\">Comment trouver Albergues sur le Camino ?<\/h2>\t\t\t\t<\/div>\n\t\t\t\t<\/div>\n\t\t\t\t<div class=\"elementor-element elementor-element-3ec2e2c elementor-widget elementor-widget-text-editor\" data-id=\"3ec2e2c\" data-element_type=\"widget\" data-e-type=\"widget\" data-widget_type=\"text-editor.default\">\n\t\t\t\t<div class=\"elementor-widget-container\">\n\t\t\t\t\t\t\t\t\t<p><span style=\"font-weight: 400;\">Il est assez facile de trouver une albergue, car la plupart des villages et des villes en ont et plus le village ou la ville est grand, plus il y a d'albergues et d'h\u00e9bergements.<\/span><\/p><p><span style=\"font-weight: 400;\">Il existe de nombreuses ressources permettant d'identifier les albergues disponibles sur le Camino de Santiago, mais le moyen le plus populaire, et de loin, est d'utiliser une plateforme de r\u00e9servation en ligne, telle que <a href=\"https:\/\/www.booking.com\/bed-and-breakfast\/index.html?aid=7928239\" target=\"_blank\" rel=\"noopener\"><strong>Booking.com<\/strong><\/a> ou Hostelworld.\u00a0<\/span><\/p><p><span style=\"font-weight: 400;\">En g\u00e9n\u00e9ral, je ne r\u00e9serve pas \u00e0 l'avance et je pr\u00e9f\u00e8re trouver des auberges une fois arriv\u00e9 \u00e0 destination, mais vous pouvez \u00e9galement trouver des informations sur les h\u00e9bergements dans les guides du Camino ainsi qu'\u00e0 l'office du tourisme local, s'il y en a un.<\/span><\/p>\t\t\t\t\t\t\t\t<\/div>\n\t\t\t\t<\/div>\n\t\t\t\t<div class=\"elementor-element elementor-element-1831f75 elementor-widget elementor-widget-html\" data-id=\"1831f75\" data-element_type=\"widget\" data-e-type=\"widget\" data-widget_type=\"html.default\">\n\t\t\t\t<div class=\"elementor-widget-container\">\n\t\t\t\t\t<style>.tp_wrapper{max-width: 1024px;}.tp_title{background-color: #DCF9FD; \/* header background color *\/ margin: 0; padding: 8px 32px; font-size: 26px; font-weight: 550; text-align: center;}.tp_subtitle{margin: 0 0 16px; font-size: 20px; font-weight: 550; line-height: 130%}.tp_content{background-color: #eeeeee; \/* main block background color *\/ padding: 16px 32px;}.tp_link{text-decoration: none; color: #fa3c67; \/* link color *\/}.tp_list{margin: 0; padding: 0 0 0 20px; font-size: 18px; font-weight: 400; line-height: 145%;}.tp_list_item{margin-bottom: 16px;}.tp_text{font-size: 20px; font-weight: 400; line-height: 145%; margin: 0;}.tp_button{display: inline-block; background: #fa3c67; border-radius: 6px; box-sizing: border-box; cursor: pointer; color: #fff; font-size: 18px; font-weight: 550; font-family: Roboto; margin-top: 18px; padding: 6px 24px; text-decoration: none;}.tp_border{border: 1px solid #2A243B;}.tp_tip{margin: 0 0 10px; font-weight: 700; font-size: 24px;}}<\/style>\n<div class=\"tp_wrapper\">\n  <div class=\"tp_content\">\n    <p class=\"tp_subtitle\">Mes recommandations pour le Camino ?<\/p>\n    <p class=\"tp_text\">Jetez un coup d'\u0153il \u00e0 mes guides Camino pr\u00e9f\u00e9r\u00e9s, \u00e0 mes vid\u00e9os et \u00e0 mes recommandations en mati\u00e8re d'\u00e9quipement de marche dans ma boutique Amazon.<\/p>\n    <a href=\"https:\/\/www.amazon.com\/shop\/follow_the_yellow_shell\" class=\"tp_button\" target=\"_blank\" rel=\"noopener\">Consultez-les<\/a>\n  <\/div>\n<\/div>\n\t\t\t\t<\/div>\n\t\t\t\t<\/div>\n\t\t\t\t<div class=\"elementor-element elementor-element-625a23e elementor-widget elementor-widget-heading\" data-id=\"625a23e\" data-element_type=\"widget\" data-e-type=\"widget\" data-widget_type=\"heading.default\">\n\t\t\t\t<div class=\"elementor-widget-container\">\n\t\t\t\t\t<h2 class=\"elementor-heading-title elementor-size-default\">Comment faire une r\u00e9servation dans un albergue ? <\/h2>\t\t\t\t<\/div>\n\t\t\t\t<\/div>\n\t\t\t\t<div class=\"elementor-element elementor-element-c84724a elementor-widget elementor-widget-text-editor\" data-id=\"c84724a\" data-element_type=\"widget\" data-e-type=\"widget\" data-widget_type=\"text-editor.default\">\n\t\t\t\t<div class=\"elementor-widget-container\">\n\t\t\t\t\t\t\t\t\t<p><span style=\"font-weight: 400;\">Pour r\u00e9server un albergue du Camino de Santiago, vous pouvez utiliser une plateforme de r\u00e9servation en ligne ou contacter l'albergue directement par t\u00e9l\u00e9phone.\u00a0<\/span><\/p><p><span style=\"font-weight: 400;\">La plupart des albergues acceptent les visites sans rendez-vous, mais il est toujours pr\u00e9f\u00e9rable de r\u00e9server \u00e0 l'avance, surtout en haute saison, car les albergues peuvent se remplir rapidement.<\/span><\/p><p>J'essaie toujours de m'arr\u00eater au milieu d'une \u00e9tape o\u00f9 les albergues sont moins fr\u00e9quent\u00e9es. Cette strat\u00e9gie a bien fonctionn\u00e9 pour moi dans le pass\u00e9.<\/p>\t\t\t\t\t\t\t\t<\/div>\n\t\t\t\t<\/div>\n\t\t\t\t<div class=\"elementor-element elementor-element-1a50f37 elementor-widget elementor-widget-shortcode\" data-id=\"1a50f37\" data-element_type=\"widget\" data-e-type=\"widget\" data-widget_type=\"shortcode.default\">\n\t\t\t\t<div class=\"elementor-widget-container\">\n\t\t\t\t\t\t\t<div class=\"elementor-shortcode\">                <div class=\"ml-embedded\" data-form=\"Q2XfYK\"><\/div>\n            <\/div>\n\t\t\t\t\t\t<\/div>\n\t\t\t\t<\/div>\n\t\t\t\t<div class=\"elementor-element elementor-element-2d7f9ce elementor-widget elementor-widget-heading\" data-id=\"2d7f9ce\" data-element_type=\"widget\" data-e-type=\"widget\" data-widget_type=\"heading.default\">\n\t\t\t\t<div class=\"elementor-widget-container\">\n\t\t\t\t\t<h2 class=\"elementor-heading-title elementor-size-default\">Combien co\u00fbte une albergue ?<\/h2>\t\t\t\t<\/div>\n\t\t\t\t<\/div>\n\t\t\t\t<div class=\"elementor-element elementor-element-5532656 elementor-widget elementor-widget-text-editor\" data-id=\"5532656\" data-element_type=\"widget\" data-e-type=\"widget\" data-widget_type=\"text-editor.default\">\n\t\t\t\t<div class=\"elementor-widget-container\">\n\t\t\t\t\t\t\t\t\t<p><span style=\"font-weight: 400;\">Le co\u00fbt d'un lit dans une auberge sur le Camino de Santiago varie en fonction du type d'auberge, de l'emplacement et de la p\u00e9riode de l'ann\u00e9e.\u00a0<\/span><\/p><p><span style=\"font-weight: 400;\">En moyenne, un lit en dortoir dans un albergue public peut co\u00fbter environ <\/span><b>5-15 \u20ac par nuit<\/b><span style=\"font-weight: 400;\">, Une chambre priv\u00e9e peut co\u00fbter de 20 \u00e0 30 euros par nuit.<\/span><\/p><p><span style=\"font-weight: 400;\">Il y a aussi des Albergues qui sont \u2018<\/span><b>donativo<\/b><span style=\"font-weight: 400;\">\u2019. Cela signifie que leur s\u00e9jour est gratuit et que les hospitaleros font fonctionner l'Albergue gr\u00e2ce aux dons.<\/span><\/p><p><span style=\"font-weight: 400;\">Ces dons permettent de garder l'albergue propre et pr\u00eate \u00e0 accueillir le prochain groupe de p\u00e8lerins le lendemain. Si vous s\u00e9journez dans l'une de ces albergues, n'h\u00e9sitez pas \u00e0 faire un don.<\/span><\/p>\t\t\t\t\t\t\t\t<\/div>\n\t\t\t\t<\/div>\n\t\t\t\t<div class=\"elementor-element elementor-element-9b30a49 elementor-widget elementor-widget-heading\" data-id=\"9b30a49\" data-element_type=\"widget\" data-e-type=\"widget\" data-widget_type=\"heading.default\">\n\t\t\t\t<div class=\"elementor-widget-container\">\n\t\t\t\t\t<h2 class=\"elementor-heading-title elementor-size-default\">Les albergues sont-elles ouvertes toute l'ann\u00e9e ?<\/h2>\t\t\t\t<\/div>\n\t\t\t\t<\/div>\n\t\t\t\t<div class=\"elementor-element elementor-element-f796b55 elementor-widget elementor-widget-text-editor\" data-id=\"f796b55\" data-element_type=\"widget\" data-e-type=\"widget\" data-widget_type=\"text-editor.default\">\n\t\t\t\t<div class=\"elementor-widget-container\">\n\t\t\t\t\t\t\t\t\t<p><span style=\"font-weight: 400;\">La disponibilit\u00e9 des albergues sur le Camino de Santiago varie toujours en fonction de la p\u00e9riode de l'ann\u00e9e. Beaucoup d'albergues ferment pour la saison hivernale, mais certains sont ouverts toute l'ann\u00e9e.<\/span><\/p><p><span style=\"font-weight: 400;\">Si vous marchez sur le Camino en hiver, v\u00e9rifiez toujours aupr\u00e8s de l'auberge pr\u00e9vue qu'elle est ouverte et qu'elle a des disponibilit\u00e9s.<\/span><\/p>\t\t\t\t\t\t\t\t<\/div>\n\t\t\t\t<\/div>\n\t\t\t\t<div class=\"elementor-element elementor-element-fa40583 elementor-widget elementor-widget-heading\" data-id=\"fa40583\" data-element_type=\"widget\" data-e-type=\"widget\" data-widget_type=\"heading.default\">\n\t\t\t\t<div class=\"elementor-widget-container\">\n\t\t\t\t\t<h2 class=\"elementor-heading-title elementor-size-default\">De quoi avez-vous besoin pour s\u00e9journer dans une albergue ?<\/h2>\t\t\t\t<\/div>\n\t\t\t\t<\/div>\n\t\t\t\t<div class=\"elementor-element elementor-element-ea17384 elementor-widget elementor-widget-text-editor\" data-id=\"ea17384\" data-element_type=\"widget\" data-e-type=\"widget\" data-widget_type=\"text-editor.default\">\n\t\t\t\t<div class=\"elementor-widget-container\">\n\t\t\t\t\t\t\t\t\t<p><span style=\"font-weight: 400;\">Pour s\u00e9journer dans les albergues du Camino de Santiago, vous devez pr\u00e9senter une pi\u00e8ce d'identit\u00e9 valide et un passeport de p\u00e8lerin.<\/span><\/p><p><span style=\"font-weight: 400;\">Lorsque je marche sur le Camino, j'emporte toujours un drap de lit en soie que j'utilise avec une couverture d'albergue, si elle est disponible.\u00a0<\/span><\/p><p><span style=\"font-weight: 400;\">Si je sais que le temps sera un peu plus froid, j'emporte un sac de couchage d'\u00e9t\u00e9 l\u00e9ger et je dors dans mes v\u00eatements de marche si n\u00e9cessaire.  Cela fait partie du plaisir d'\u00eatre un p\u00e8lerin.<\/span><\/p>\t\t\t\t\t\t\t\t<\/div>\n\t\t\t\t<\/div>\n\t\t\t\t<div class=\"elementor-element elementor-element-cc61a9c elementor-widget elementor-widget-heading\" data-id=\"cc61a9c\" data-element_type=\"widget\" data-e-type=\"widget\" data-widget_type=\"heading.default\">\n\t\t\t\t<div class=\"elementor-widget-container\">\n\t\t\t\t\t<h2 class=\"elementor-heading-title elementor-size-default\">Qu'est-ce qu'un passeport de p\u00e8lerin ?<\/h2>\t\t\t\t<\/div>\n\t\t\t\t<\/div>\n\t\t\t\t<div class=\"elementor-element elementor-element-ad2aad2 elementor-widget elementor-widget-text-editor\" data-id=\"ad2aad2\" data-element_type=\"widget\" data-e-type=\"widget\" data-widget_type=\"text-editor.default\">\n\t\t\t\t<div class=\"elementor-widget-container\">\n\t\t\t\t\t\t\t\t\t<p><span style=\"font-weight: 400;\">La Credencial, ou passeport du p\u00e8lerin, est un \u00e9l\u00e9ment tr\u00e8s important du Camino de Santiago. Chaque p\u00e8lerin en a besoin, car c'est lui qui lui permet de s\u00e9journer \u00e0 Albergues.<\/span><\/p>\t\t\t\t\t\t\t\t<\/div>\n\t\t\t\t<\/div>\n\t\t\t\t<div class=\"elementor-element elementor-element-41e2298 elementor-widget elementor-widget-heading\" data-id=\"41e2298\" data-element_type=\"widget\" data-e-type=\"widget\" data-widget_type=\"heading.default\">\n\t\t\t\t<div class=\"elementor-widget-container\">\n\t\t\t\t\t<h3 class=\"elementor-heading-title elementor-size-default\">Qu'est-ce qu'un Credencial ?<\/h3>\t\t\t\t<\/div>\n\t\t\t\t<\/div>\n\t\t\t\t<div class=\"elementor-element elementor-element-d48fb19 elementor-widget elementor-widget-text-editor\" data-id=\"d48fb19\" data-element_type=\"widget\" data-e-type=\"widget\" data-widget_type=\"text-editor.default\">\n\t\t\t\t<div class=\"elementor-widget-container\">\n\t\t\t\t\t\t\t\t\t<p><span style=\"font-weight: 400;\">Il se pr\u00e9sente sous la forme d'un passeport et sert de preuve de votre p\u00e8lerinage sur le Camino. Chaque p\u00e8lerin en a besoin pour s\u00e9journer \u00e0 Albergues sur le Camino de Santiago.<\/span><\/p><p><span style=\"font-weight: 400;\">L'origine de la Credencial remonte \u00e0 plusieurs si\u00e8cles, lorsque les p\u00e8lerins recevaient des lettres de passage \u00e0 travers l'Europe, ce qui leur permettait de voyager en toute s\u00e9curit\u00e9.\u00a0<\/span><\/p><p><span style=\"font-weight: 400;\">Aujourd'hui, en plus d'\u00eatre un souvenir de votre voyage de p\u00e8lerinage et des endroits o\u00f9 vous avez s\u00e9journ\u00e9, il est \u00e9galement n\u00e9cessaire pour obtenir votre Compostelle lorsque vous atteignez Santiago.<\/span><\/p><p><span style=\"font-weight: 400;\">Il est recommand\u00e9 d'apposer deux timbres par jour sur votre passeport pendant votre p\u00e8lerinage.<\/span><\/p><p><span style=\"font-weight: 400;\">Vous pouvez obtenir un passeport de p\u00e8lerin aupr\u00e8s d'un office de tourisme local ou en ligne.\u00a0<\/span><span style=\"font-style: inherit; color: var(--ast-global-color-3); background-color: var(--ast-global-color-4);\">Ils sont disponibles aupr\u00e8s de la <strong><a href=\"http:\/\/www.caminodesantiago.me\" target=\"_blank\" rel=\"noopener\">Forum du Camino de Santiago<\/a><\/strong> \u00e0 un prix raisonnable.<\/span><\/p><p>Une page de l'un de mes dipl\u00f4mes est pr\u00e9sent\u00e9e ci-dessous.<\/p>\t\t\t\t\t\t\t\t<\/div>\n\t\t\t\t<\/div>\n\t\t\t\t<div class=\"elementor-element elementor-element-9cccc36 elementor-widget elementor-widget-image\" data-id=\"9cccc36\" data-element_type=\"widget\" data-e-type=\"widget\" data-widget_type=\"image.default\">\n\t\t\t\t<div class=\"elementor-widget-container\">\n\t\t\t\t\t\t\t\t\t\t\t\t\t\t\t<img loading=\"lazy\" decoding=\"async\" data-attachment-id=\"12497\" data-permalink=\"https:\/\/followtheyellowshell.com\/fr\/albergues-on-el-camino-de-santiago\/pilgrim-passport\/\" data-orig-file=\"https:\/\/i0.wp.com\/followtheyellowshell.com\/wp-content\/uploads\/2023\/02\/Pilgrim-passport.jpg?fit=1200%2C1600&amp;ssl=1\" data-orig-size=\"1200,1600\" data-comments-opened=\"1\" data-image-meta=\"{&quot;aperture&quot;:&quot;0&quot;,&quot;credit&quot;:&quot;&quot;,&quot;camera&quot;:&quot;&quot;,&quot;caption&quot;:&quot;&quot;,&quot;created_timestamp&quot;:&quot;0&quot;,&quot;copyright&quot;:&quot;&quot;,&quot;focal_length&quot;:&quot;0&quot;,&quot;iso&quot;:&quot;0&quot;,&quot;shutter_speed&quot;:&quot;0&quot;,&quot;title&quot;:&quot;&quot;,&quot;orientation&quot;:&quot;0&quot;}\" data-image-title=\"Camino Pilgrim passport\" data-image-description=\"&lt;p&gt;Camino Pilgrim passport&lt;\/p&gt;\" data-image-caption=\"&lt;p&gt;Camino Pilgrim passport&lt;\/p&gt;\" data-large-file=\"https:\/\/i0.wp.com\/followtheyellowshell.com\/wp-content\/uploads\/2023\/02\/Pilgrim-passport.jpg?fit=768%2C1024&amp;ssl=1\" width=\"768\" height=\"1024\" src=\"https:\/\/i0.wp.com\/followtheyellowshell.com\/wp-content\/uploads\/2023\/02\/Pilgrim-passport.jpg?fit=768%2C1024&amp;ssl=1\" class=\"attachment-large size-large wp-image-12497\" alt=\"Passeport du p\u00e8lerin du Camino\" srcset=\"https:\/\/i0.wp.com\/followtheyellowshell.com\/wp-content\/uploads\/2023\/02\/Pilgrim-passport.jpg?w=1200&amp;ssl=1 1200w, https:\/\/i0.wp.com\/followtheyellowshell.com\/wp-content\/uploads\/2023\/02\/Pilgrim-passport.jpg?resize=225%2C300&amp;ssl=1 225w, https:\/\/i0.wp.com\/followtheyellowshell.com\/wp-content\/uploads\/2023\/02\/Pilgrim-passport.jpg?resize=768%2C1024&amp;ssl=1 768w, https:\/\/i0.wp.com\/followtheyellowshell.com\/wp-content\/uploads\/2023\/02\/Pilgrim-passport.jpg?resize=113%2C150&amp;ssl=1 113w, https:\/\/i0.wp.com\/followtheyellowshell.com\/wp-content\/uploads\/2023\/02\/Pilgrim-passport.jpg?resize=1152%2C1536&amp;ssl=1 1152w, https:\/\/i0.wp.com\/followtheyellowshell.com\/wp-content\/uploads\/2023\/02\/Pilgrim-passport.jpg?resize=1536%2C2048&amp;ssl=1 1536w\" sizes=\"(max-width: 768px) 100vw, 768px\" \/>\t\t\t\t\t\t\t\t\t\t\t\t\t\t\t<\/div>\n\t\t\t\t<\/div>\n\t\t\t\t<div class=\"elementor-element elementor-element-9552a67 elementor-widget elementor-widget-image\" data-id=\"9552a67\" data-element_type=\"widget\" data-e-type=\"widget\" data-widget_type=\"image.default\">\n\t\t\t\t<div class=\"elementor-widget-container\">\n\t\t\t\t\t\t\t\t\t\t\t\t\t\t\t<img loading=\"lazy\" decoding=\"async\" data-attachment-id=\"12460\" data-permalink=\"https:\/\/followtheyellowshell.com\/fr\/hike-pilgrimage-backpack-1733693\/\" data-orig-file=\"https:\/\/i0.wp.com\/followtheyellowshell.com\/wp-content\/uploads\/2023\/02\/hike-pilgrimage-backpack-1733693.jpg?fit=1280%2C960&amp;ssl=1\" data-orig-size=\"1280,960\" data-comments-opened=\"1\" data-image-meta=\"{&quot;aperture&quot;:&quot;0&quot;,&quot;credit&quot;:&quot;&quot;,&quot;camera&quot;:&quot;&quot;,&quot;caption&quot;:&quot;&quot;,&quot;created_timestamp&quot;:&quot;0&quot;,&quot;copyright&quot;:&quot;&quot;,&quot;focal_length&quot;:&quot;0&quot;,&quot;iso&quot;:&quot;0&quot;,&quot;shutter_speed&quot;:&quot;0&quot;,&quot;title&quot;:&quot;&quot;,&quot;orientation&quot;:&quot;0&quot;}\" data-image-title=\"hike-pilgrimage-backpack-1733693\" data-image-description=\"\" data-image-caption=\"\" data-large-file=\"https:\/\/i0.wp.com\/followtheyellowshell.com\/wp-content\/uploads\/2023\/02\/hike-pilgrimage-backpack-1733693.jpg?fit=1024%2C768&amp;ssl=1\" width=\"1024\" height=\"768\" src=\"https:\/\/i0.wp.com\/followtheyellowshell.com\/wp-content\/uploads\/2023\/02\/hike-pilgrimage-backpack-1733693.jpg?fit=1024%2C768&amp;ssl=1\" class=\"attachment-large size-large wp-image-12460\" alt=\"randonn\u00e9e, p\u00e8lerinage, sac \u00e0 dos-1733693.jpg\" srcset=\"https:\/\/i0.wp.com\/followtheyellowshell.com\/wp-content\/uploads\/2023\/02\/hike-pilgrimage-backpack-1733693.jpg?w=1280&amp;ssl=1 1280w, https:\/\/i0.wp.com\/followtheyellowshell.com\/wp-content\/uploads\/2023\/02\/hike-pilgrimage-backpack-1733693.jpg?resize=300%2C225&amp;ssl=1 300w, https:\/\/i0.wp.com\/followtheyellowshell.com\/wp-content\/uploads\/2023\/02\/hike-pilgrimage-backpack-1733693.jpg?resize=1024%2C768&amp;ssl=1 1024w, https:\/\/i0.wp.com\/followtheyellowshell.com\/wp-content\/uploads\/2023\/02\/hike-pilgrimage-backpack-1733693.jpg?resize=150%2C113&amp;ssl=1 150w, https:\/\/i0.wp.com\/followtheyellowshell.com\/wp-content\/uploads\/2023\/02\/hike-pilgrimage-backpack-1733693.jpg?resize=768%2C576&amp;ssl=1 768w\" sizes=\"(max-width: 1000px) 100vw, 1000px\" \/>\t\t\t\t\t\t\t\t\t\t\t\t\t\t\t<\/div>\n\t\t\t\t<\/div>\n\t\t\t\t<div class=\"elementor-element elementor-element-991a4c8 elementor-widget elementor-widget-heading\" data-id=\"991a4c8\" data-element_type=\"widget\" data-e-type=\"widget\" data-widget_type=\"heading.default\">\n\t\t\t\t<div class=\"elementor-widget-container\">\n\t\t\t\t\t<h3 class=\"elementor-heading-title elementor-size-default\">Qu'est-ce qu'une Compostelle ?<\/h3>\t\t\t\t<\/div>\n\t\t\t\t<\/div>\n\t\t\t\t<div class=\"elementor-element elementor-element-5f8b2ae elementor-widget elementor-widget-text-editor\" data-id=\"5f8b2ae\" data-element_type=\"widget\" data-e-type=\"widget\" data-widget_type=\"text-editor.default\">\n\t\t\t\t<div class=\"elementor-widget-container\">\n\t\t\t\t\t\t\t\t\t<p><span style=\"font-weight: 400;\">Le compostela est le certificat que vous recevez \u00e0 Santiago lorsque vous avez termin\u00e9 votre p\u00e8lerinage et c'est votre certificat d'ach\u00e8vement.<\/span><\/p><p><span style=\"font-weight: 400;\">Pour obtenir la Compostela, vous devez avoir parcouru au moins les 100 derniers kilom\u00e8tres du Camino. Vous pouvez le faire sur n'importe quel tron\u00e7on du Camino.\u00a0<\/span><\/p><p><span style=\"font-weight: 400;\">Des milliers de p\u00e8lerins parcourent chaque ann\u00e9e le Camino Frances de Sarria \u00e0 Saint-Jacques-de-Compostelle, soit un peu plus de 100 km, ce qui leur donne droit \u00e0 leur Compostelle.<\/span><\/p><p><span style=\"font-weight: 400;\">Les <strong><a href=\"https:\/\/followtheyellowshell.com\/fr\/camino-ingles\/\">Camino Ingles<\/a><\/strong> de Ferrol est \u00e9galement un bon Camino \u00e0 parcourir, puisqu'il couvre plus de 100 km au total.<\/span><\/p><p><span style=\"font-weight: 400;\">Une fois que vous avez obtenu votre Compostela, le certificat est tr\u00e8s joli et constitue un souvenir fantastique.\u00a0<\/span><\/p>\t\t\t\t\t\t\t\t<\/div>\n\t\t\t\t<\/div>\n\t\t\t\t<div class=\"elementor-element elementor-element-133b633 elementor-widget elementor-widget-heading\" data-id=\"133b633\" data-element_type=\"widget\" data-e-type=\"widget\" data-widget_type=\"heading.default\">\n\t\t\t\t<div class=\"elementor-widget-container\">\n\t\t\t\t\t<h2 class=\"elementor-heading-title elementor-size-default\">Quels sont les avantages et les inconv\u00e9nients d'un s\u00e9jour \u00e0 Albergues ?<\/h2>\t\t\t\t<\/div>\n\t\t\t\t<\/div>\n\t\t\t\t<div class=\"elementor-element elementor-element-761cf92 elementor-widget elementor-widget-text-editor\" data-id=\"761cf92\" data-element_type=\"widget\" data-e-type=\"widget\" data-widget_type=\"text-editor.default\">\n\t\t\t\t<div class=\"elementor-widget-container\">\n\t\t\t\t\t\t\t\t\t<p><span style=\"font-weight: 400;\">Les albergues sur le Camino de Santiago sont de toutes formes et tailles, certaines grandes avec plus de 50 lits et d'autres petites avec seulement quelques chambres et lits.\u00a0<\/span><\/p><p><span style=\"font-weight: 400;\">Quel que soit le type d'albergue que vous choisissez, ils ont tous leurs avantages et leurs inconv\u00e9nients, comme indiqu\u00e9 ci-dessous :<\/span><\/p>\t\t\t\t\t\t\t\t<\/div>\n\t\t\t\t<\/div>\n\t\t\t\t<div class=\"elementor-element elementor-element-008e088 elementor-widget elementor-widget-heading\" data-id=\"008e088\" data-element_type=\"widget\" data-e-type=\"widget\" data-widget_type=\"heading.default\">\n\t\t\t\t<div class=\"elementor-widget-container\">\n\t\t\t\t\t<h3 class=\"elementor-heading-title elementor-size-default\">Pour<\/h3>\t\t\t\t<\/div>\n\t\t\t\t<\/div>\n\t\t\t\t<div class=\"elementor-element elementor-element-38b13f6 elementor-widget elementor-widget-text-editor\" data-id=\"38b13f6\" data-element_type=\"widget\" data-e-type=\"widget\" data-widget_type=\"text-editor.default\">\n\t\t\t\t<div class=\"elementor-widget-container\">\n\t\t\t\t\t\t\t\t\t<ul><li style=\"font-weight: 400;\" aria-level=\"1\"><span style=\"font-weight: 400;\">Des options d'h\u00e9bergement abordables<\/span><\/li><li style=\"font-weight: 400;\" aria-level=\"1\"><span style=\"font-weight: 400;\">Occasion de rencontrer d'autres p\u00e8lerins et d'\u00e9changer des histoires<\/span><\/li><li style=\"font-weight: 400;\" aria-level=\"1\"><span style=\"font-weight: 400;\">Acc\u00e8s \u00e0 des installations communes telles qu'une cuisine et des installations sanitaires<\/span><\/li><li style=\"font-weight: 400;\" aria-level=\"1\"><span style=\"font-weight: 400;\">De nombreux h\u00f4tels Albergues sont situ\u00e9s au c\u0153ur de petits villages.<\/span><\/li><li style=\"font-weight: 400;\" aria-level=\"1\"><span style=\"font-weight: 400;\">Les p\u00e8lerins ont l'occasion de d\u00e9couvrir la culture, la gastronomie et le vin locaux<\/span><\/li><\/ul>\t\t\t\t\t\t\t\t<\/div>\n\t\t\t\t<\/div>\n\t\t\t\t<div class=\"elementor-element elementor-element-21e174f elementor-widget elementor-widget-heading\" data-id=\"21e174f\" data-element_type=\"widget\" data-e-type=\"widget\" data-widget_type=\"heading.default\">\n\t\t\t\t<div class=\"elementor-widget-container\">\n\t\t\t\t\t<h3 class=\"elementor-heading-title elementor-size-default\">Cons<\/h3>\t\t\t\t<\/div>\n\t\t\t\t<\/div>\n\t\t\t\t<div class=\"elementor-element elementor-element-f82679e elementor-widget elementor-widget-text-editor\" data-id=\"f82679e\" data-element_type=\"widget\" data-e-type=\"widget\" data-widget_type=\"text-editor.default\">\n\t\t\t\t<div class=\"elementor-widget-container\">\n\t\t\t\t\t\t\t\t\t<ul><li style=\"font-weight: 400;\" aria-level=\"1\"><span style=\"font-weight: 400;\">Installations rudimentaires et communes, avec une intimit\u00e9 limit\u00e9e<\/span><\/li><li style=\"font-weight: 400;\" aria-level=\"1\"><span style=\"font-weight: 400;\">La fr\u00e9quentation est \u00e9lev\u00e9e en haute saison<\/span><\/li><li style=\"font-weight: 400;\" aria-level=\"1\"><span style=\"font-weight: 400;\">Les punaises de lit et autres insectes peuvent \u00eatre un probl\u00e8me dans certaines albergues.<\/span><\/li><li style=\"font-weight: 400;\" aria-level=\"1\"><span style=\"font-weight: 400;\">\u2018L'extinction des feux n'est pas forc\u00e9ment respect\u00e9e par tous les p\u00e8lerins<\/span><\/li><li style=\"font-weight: 400;\" aria-level=\"1\"><span style=\"font-weight: 400;\">Avoir des horaires calmes peut \u00eatre un d\u00e9fi<\/span><\/li><\/ul>\t\t\t\t\t\t\t\t<\/div>\n\t\t\t\t<\/div>\n\t\t\t\t<div class=\"elementor-element elementor-element-0aee9d5 elementor-widget elementor-widget-heading\" data-id=\"0aee9d5\" data-element_type=\"widget\" data-e-type=\"widget\" data-widget_type=\"heading.default\">\n\t\t\t\t<div class=\"elementor-widget-container\">\n\t\t\t\t\t<h2 class=\"elementor-heading-title elementor-size-default\">Quelles sont les r\u00e8gles en vigueur dans un albergue public ?<\/h2>\t\t\t\t<\/div>\n\t\t\t\t<\/div>\n\t\t\t\t<div class=\"elementor-element elementor-element-7c295e9 elementor-widget elementor-widget-text-editor\" data-id=\"7c295e9\" data-element_type=\"widget\" data-e-type=\"widget\" data-widget_type=\"text-editor.default\">\n\t\t\t\t<div class=\"elementor-widget-container\">\n\t\t\t\t\t\t\t\t\t<p><span style=\"font-weight: 400;\">La plupart des albergues sur le Camino de Santiago ont des r\u00e8gles similaires qui sont tr\u00e8s faciles \u00e0 respecter et ne sont pas trop s\u00e9v\u00e8res. Elles sont l\u00e0 pour le b\u00e9n\u00e9fice de tous les p\u00e8lerins.<\/span><\/p><p><span style=\"font-weight: 400;\">Les r\u00e8gles les plus courantes \u00e0 l'int\u00e9rieur des Albergues publics sont les suivantes<\/span><\/p><ul><li style=\"font-weight: 400;\" aria-level=\"1\"><span style=\"font-weight: 400;\">non fumeur<\/span><\/li><li style=\"font-weight: 400;\" aria-level=\"1\"><span style=\"font-weight: 400;\">pas d'alcool<\/span><\/li><li style=\"font-weight: 400;\" aria-level=\"1\"><span style=\"font-weight: 400;\">pas de nourriture ou de boissons ext\u00e9rieures<\/span><\/li><li style=\"font-weight: 400;\" aria-level=\"1\"><span style=\"font-weight: 400;\">l'obligation d'\u00e9teindre les lumi\u00e8res et d'avoir des heures calmes<\/span><\/li><li style=\"font-weight: 400;\" aria-level=\"1\"><span style=\"font-weight: 400;\">Laissez vos chaussures de marche pr\u00e8s de la porte d'entr\u00e9e<\/span><\/li><\/ul><p><span style=\"font-weight: 400;\">Certaines albergues peuvent \u00e9galement exiger que vous fassiez le m\u00e9nage, que vous respectiez les autres p\u00e8lerins et que vous mainteniez une zone de sommeil propre et organis\u00e9e.<\/span><\/p><p><span style=\"font-weight: 400;\">Il s'agit de r\u00e8gles tr\u00e8s simples pour vivre une exp\u00e9rience de p\u00e8lerin inoubliable.<\/span><\/p>\t\t\t\t\t\t\t\t<\/div>\n\t\t\t\t<\/div>\n\t\t\t\t<div class=\"elementor-element elementor-element-8bdd726 elementor-widget elementor-widget-heading\" data-id=\"8bdd726\" data-element_type=\"widget\" data-e-type=\"widget\" data-widget_type=\"heading.default\">\n\t\t\t\t<div class=\"elementor-widget-container\">\n\t\t\t\t\t<h2 class=\"elementor-heading-title elementor-size-default\">Existe-t-il une \u00e9tiquette d'albergue ?<\/h2>\t\t\t\t<\/div>\n\t\t\t\t<\/div>\n\t\t\t\t<div class=\"elementor-element elementor-element-7ba9e65 elementor-widget elementor-widget-text-editor\" data-id=\"7ba9e65\" data-element_type=\"widget\" data-e-type=\"widget\" data-widget_type=\"text-editor.default\">\n\t\t\t\t<div class=\"elementor-widget-container\">\n\t\t\t\t\t\t\t\t\t<p><span style=\"font-weight: 400;\">Oui, il existe un ensemble de r\u00e8gles non \u00e9crites et d'\u00e9tiquette que les p\u00e8lerins sont cens\u00e9s respecter dans un albergue sur le Chemin de Saint-Jacques. En voici quelques exemples\u00a0<\/span><\/p><ul><li style=\"font-weight: 400;\" aria-level=\"1\"><span style=\"font-weight: 400;\">Garder le silence pendant les heures creuses<\/span><\/li><li style=\"font-weight: 400;\" aria-level=\"1\"><span style=\"font-weight: 400;\">Organisez vos affaires<\/span><\/li><li style=\"font-weight: 400;\" aria-level=\"1\"><span style=\"font-weight: 400;\">Ne pas parler fort apr\u00e8s l'extinction des feux<\/span><\/li><li style=\"font-weight: 400;\" aria-level=\"1\"><span style=\"font-weight: 400;\">Pas de m\u00e9lange d'objets dans le sac \u00e0 dos<\/span><\/li><li style=\"font-weight: 400;\" aria-level=\"1\"><span style=\"font-weight: 400;\">Respecter la vie priv\u00e9e et les biens d'autrui.\u00a0<\/span><\/li><\/ul><p><span style=\"font-weight: 400;\">Les hospitaliers (gardiens) peuvent \u00e9galement appliquer des r\u00e8gles sp\u00e9cifiques \u00e0 leur propre albergue, il est donc important de demander des pr\u00e9cisions \u00e0 l'arriv\u00e9e.<\/span><\/p><p><span style=\"font-weight: 400;\">Il est tr\u00e8s important de respecter les autres p\u00e8lerins et de permettre \u00e0 chacun de passer une bonne nuit de sommeil.\u00a0<\/span><\/p><p><span style=\"font-weight: 400;\">L'extinction des feux pourrait avoir lieu \u00e0 22 heures, mais certains p\u00e8lerins se couchent \u00e0 19 heures pour essayer de dormir un peu apr\u00e8s une longue journ\u00e9e de marche.\u00a0<\/span><\/p><p><span style=\"font-weight: 400;\">Soyez respectueux.<\/span><\/p>\t\t\t\t\t\t\t\t<\/div>\n\t\t\t\t<\/div>\n\t\t\t\t<div class=\"elementor-element elementor-element-7da349b elementor-widget elementor-widget-heading\" data-id=\"7da349b\" data-element_type=\"widget\" data-e-type=\"widget\" data-widget_type=\"heading.default\">\n\t\t\t\t<div class=\"elementor-widget-container\">\n\t\t\t\t\t<h2 class=\"elementor-heading-title elementor-size-default\">Qu'est-ce qu'un Hospitalero\/a ?<\/h2>\t\t\t\t<\/div>\n\t\t\t\t<\/div>\n\t\t\t\t<div class=\"elementor-element elementor-element-763cbe7 elementor-widget elementor-widget-text-editor\" data-id=\"763cbe7\" data-element_type=\"widget\" data-e-type=\"widget\" data-widget_type=\"text-editor.default\">\n\t\t\t\t<div class=\"elementor-widget-container\">\n\t\t\t\t\t\t\t\t\t<p><span style=\"font-weight: 400;\">Un Hospitalero est un gardien b\u00e9n\u00e9vole ou r\u00e9mun\u00e9r\u00e9 charg\u00e9 de l'entretien et de la gestion d'une albergue.\u00a0<\/span><\/p><p><span style=\"font-weight: 400;\">Ils seront la premi\u00e8re personne que vous verrez lors de la r\u00e9servation de votre logement et ils vous expliqueront tout sur l'albergue, ce qu'elle co\u00fbte et ils tamponneront votre passeport de p\u00e8lerin (credencial) \u00e0 votre arriv\u00e9e.<\/span><\/p><p><span style=\"font-weight: 400;\">Ils vivent souvent sur place et peuvent apporter leur aide dans tous les domaines, de la pr\u00e9paration des repas aux premiers soins, en passant par l'application des r\u00e8gles et le maintien de la propret\u00e9 et de la s\u00e9curit\u00e9 de l'albergue.<\/span><\/p><p><span style=\"font-weight: 400;\">De nombreux Hospitaleros sont des b\u00e9n\u00e9voles et sont souvent des p\u00e8lerins qui ont d\u00e9j\u00e0 fait le chemin de Saint-Jacques et qui veulent donner quelque chose en retour au Camino et aider les p\u00e8lerins sur leur chemin.<\/span><\/p>\t\t\t\t\t\t\t\t<\/div>\n\t\t\t\t<\/div>\n\t\t\t\t<div class=\"elementor-element elementor-element-a514c97 elementor-widget elementor-widget-heading\" data-id=\"a514c97\" data-element_type=\"widget\" data-e-type=\"widget\" data-widget_type=\"heading.default\">\n\t\t\t\t<div class=\"elementor-widget-container\">\n\t\t\t\t\t<h2 class=\"elementor-heading-title elementor-size-default\">L'Albergue Hospitaleros parle-t-il anglais ?<\/h2>\t\t\t\t<\/div>\n\t\t\t\t<\/div>\n\t\t\t\t<div class=\"elementor-element elementor-element-2551eb5 elementor-widget elementor-widget-text-editor\" data-id=\"2551eb5\" data-element_type=\"widget\" data-e-type=\"widget\" data-widget_type=\"text-editor.default\">\n\t\t\t\t<div class=\"elementor-widget-container\">\n\t\t\t\t\t\t\t\t\t<p><span style=\"font-weight: 400;\">Cela varie en fonction de l'albergue, mais de nombreux Hospitaleros parlent \u00e0 la fois l'espagnol et l'anglais.\u00a0<\/span><\/p><p><span style=\"font-weight: 400;\">Certains peuvent \u00e9galement parler d'autres langues, mais il est toujours utile de se munir d'un guide de conversation ou d'une application de traduction pour faciliter la communication.<\/span><\/p><p><span style=\"font-style: inherit; color: var(--ast-global-color-3);\">Il est parfois utile d'apprendre quelques rudiments d'espagnol avec une <\/span><span style=\"font-style: inherit; color: var(--ast-global-color-3);\">cours d'espagnol<\/span><span style=\"font-style: inherit; color: var(--ast-global-color-3);\">, avant votre voyage sur le Camino.<\/span><\/p>\t\t\t\t\t\t\t\t<\/div>\n\t\t\t\t<\/div>\n\t\t\t\t<div class=\"elementor-element elementor-element-41765d4 elementor-widget elementor-widget-html\" data-id=\"41765d4\" data-element_type=\"widget\" data-e-type=\"widget\" data-widget_type=\"html.default\">\n\t\t\t\t<div class=\"elementor-widget-container\">\n\t\t\t\t\t<div class=\"tp_wrapper\">\n  <div class=\"tp_content\">\n    <p class=\"tp_subtitle\">Vous avez des calus, des crevasses, des ampoules ou des pieds secs ?<\/p>\n    <p class=\"tp_text\">GEHWOL est la gamme la plus compl\u00e8te au monde de produits th\u00e9rapeutiques efficaces pour les soins des pieds. Je l'utilise tous les jours lorsque je marche sur le Camino.<\/p>\n    <a href=\"https:\/\/amzn.to\/3nRVLvd\" class=\"tp_button\" target=\"_blank\" rel=\"noopener\">Acheter sur Amazon<\/a>\n  <\/div>\n<\/div>\t\t\t\t<\/div>\n\t\t\t\t<\/div>\n\t\t\t\t<div class=\"elementor-element elementor-element-1a99c4b elementor-widget elementor-widget-heading\" data-id=\"1a99c4b\" data-element_type=\"widget\" data-e-type=\"widget\" data-widget_type=\"heading.default\">\n\t\t\t\t<div class=\"elementor-widget-container\">\n\t\t\t\t\t<h2 class=\"elementor-heading-title elementor-size-default\">\u00c0 quoi ressemble la vie \u00e0 l'Albergue au quotidien ?<\/h2>\t\t\t\t<\/div>\n\t\t\t\t<\/div>\n\t\t\t\t<div class=\"elementor-element elementor-element-5438e8f elementor-widget elementor-widget-text-editor\" data-id=\"5438e8f\" data-element_type=\"widget\" data-e-type=\"widget\" data-widget_type=\"text-editor.default\">\n\t\t\t\t<div class=\"elementor-widget-container\">\n\t\t\t\t\t\t\t\t\t<p><span style=\"font-weight: 400;\">La vie dans une albergue sur le Chemin de Saint-Jacques est tr\u00e8s communautaire, les p\u00e8lerins partageant les m\u00eames espaces, les m\u00eames repas et les m\u00eames conversations sur le Chemin.<\/span><\/p><p><span style=\"font-weight: 400;\">Chaque jour, vous vous r\u00e9veillerez t\u00f4t pour prendre de l'avance sur le voyage de la journ\u00e9e, et vous passerez la soir\u00e9e \u00e0 vous d\u00e9tendre et \u00e0 rencontrer de nouvelles personnes. Je trouve toujours pr\u00e9f\u00e9rable de commencer t\u00f4t et de finir t\u00f4t dans l'apr\u00e8s-midi pour \u00e9viter de marcher sous le chaud soleil espagnol.<\/span><\/p><p><span style=\"font-weight: 400;\">En d\u00e9but d'apr\u00e8s-midi, apr\u00e8s leur arriv\u00e9e, les p\u00e8lerins se douchent, lavent leurs v\u00eatements, boivent quelques bi\u00e8res et discutent du Camino. La planification de la marche du lendemain est un sujet de discussion habituel.<\/span><\/p><p><span style=\"font-weight: 400;\">Les repas du soir dans une albergue peuvent consister \u00e0 cuisiner et \u00e0 manger ensemble ou \u00e0 d\u00eener dans un restaurant local en suivant le menu du p\u00e8lerin.\u00a0<\/span><\/p><p><span style=\"font-weight: 400;\">Les menus pour p\u00e8lerins se pr\u00e9sentent sous la forme d'un menu \u00e0 trois plats qui co\u00fbte environ 10 \u00e0 15 \u20ac par personne. J'ai joint un exemple de menu de p\u00e8lerin d'un restaurant \u00e0 Azofra sur le Camino Frances qui co\u00fbtait 12 \u20ac et incluait le vin avec le repas.<\/span><\/p>\t\t\t\t\t\t\t\t<\/div>\n\t\t\t\t<\/div>\n\t\t\t\t<div class=\"elementor-element elementor-element-bc49f84 elementor-widget elementor-widget-image\" data-id=\"bc49f84\" data-element_type=\"widget\" data-e-type=\"widget\" data-widget_type=\"image.default\">\n\t\t\t\t<div class=\"elementor-widget-container\">\n\t\t\t\t\t\t\t\t\t\t\t\t\t\t\t<img loading=\"lazy\" decoding=\"async\" data-attachment-id=\"3574\" data-permalink=\"https:\/\/followtheyellowshell.com\/fr\/9-jours-sur-le-camino\/img_8168\/\" data-orig-file=\"https:\/\/i0.wp.com\/followtheyellowshell.com\/wp-content\/uploads\/2022\/05\/img_8168-scaled.jpg?fit=1200%2C1600&amp;ssl=1\" data-orig-size=\"1200,1600\" data-comments-opened=\"1\" data-image-meta=\"{&quot;aperture&quot;:&quot;1.8&quot;,&quot;credit&quot;:&quot;&quot;,&quot;camera&quot;:&quot;iPhone X&quot;,&quot;caption&quot;:&quot;&quot;,&quot;created_timestamp&quot;:&quot;1653672926&quot;,&quot;copyright&quot;:&quot;&quot;,&quot;focal_length&quot;:&quot;4&quot;,&quot;iso&quot;:&quot;25&quot;,&quot;shutter_speed&quot;:&quot;0.00014400921658986&quot;,&quot;title&quot;:&quot;&quot;,&quot;orientation&quot;:&quot;1&quot;}\" data-image-title=\"pilgrim menu in azofra\" data-image-description=\"&lt;p&gt;pilgrim menu in azofra&lt;\/p&gt;\" data-image-caption=\"&lt;p&gt;pilgrim menu in azofra&lt;\/p&gt;\" data-large-file=\"https:\/\/i0.wp.com\/followtheyellowshell.com\/wp-content\/uploads\/2022\/05\/img_8168-scaled.jpg?fit=768%2C1024&amp;ssl=1\" width=\"768\" height=\"1024\" src=\"https:\/\/i0.wp.com\/followtheyellowshell.com\/wp-content\/uploads\/2022\/05\/img_8168-scaled.jpg?fit=768%2C1024&amp;ssl=1\" class=\"attachment-large size-large wp-image-3574\" alt=\"menu p\u00e8lerin en azofra\" srcset=\"https:\/\/i0.wp.com\/followtheyellowshell.com\/wp-content\/uploads\/2022\/05\/img_8168-scaled.jpg?w=1200&amp;ssl=1 1200w, https:\/\/i0.wp.com\/followtheyellowshell.com\/wp-content\/uploads\/2022\/05\/img_8168-scaled.jpg?resize=225%2C300&amp;ssl=1 225w, https:\/\/i0.wp.com\/followtheyellowshell.com\/wp-content\/uploads\/2022\/05\/img_8168-scaled.jpg?resize=768%2C1024&amp;ssl=1 768w, https:\/\/i0.wp.com\/followtheyellowshell.com\/wp-content\/uploads\/2022\/05\/img_8168-scaled.jpg?resize=113%2C150&amp;ssl=1 113w, https:\/\/i0.wp.com\/followtheyellowshell.com\/wp-content\/uploads\/2022\/05\/img_8168-scaled.jpg?resize=1152%2C1536&amp;ssl=1 1152w, https:\/\/i0.wp.com\/followtheyellowshell.com\/wp-content\/uploads\/2022\/05\/img_8168-scaled.jpg?resize=1536%2C2048&amp;ssl=1 1536w, https:\/\/i0.wp.com\/followtheyellowshell.com\/wp-content\/uploads\/2022\/05\/img_8168-scaled.jpg?resize=900%2C1200&amp;ssl=1 900w, https:\/\/i0.wp.com\/followtheyellowshell.com\/wp-content\/uploads\/2022\/05\/img_8168-scaled.jpg?resize=600%2C800&amp;ssl=1 600w, https:\/\/i0.wp.com\/followtheyellowshell.com\/wp-content\/uploads\/2022\/05\/img_8168-scaled.jpg?resize=300%2C400&amp;ssl=1 300w, https:\/\/i0.wp.com\/followtheyellowshell.com\/wp-content\/uploads\/2022\/05\/img_8168-scaled.jpg?resize=150%2C200&amp;ssl=1 150w, https:\/\/i0.wp.com\/followtheyellowshell.com\/wp-content\/uploads\/2022\/05\/img_8168-scaled.jpg?resize=676%2C901&amp;ssl=1 676w\" sizes=\"(max-width: 768px) 100vw, 768px\" \/>\t\t\t\t\t\t\t\t\t\t\t\t\t\t\t<\/div>\n\t\t\t\t<\/div>\n\t\t\t\t<div class=\"elementor-element elementor-element-1c5f102 elementor-widget elementor-widget-heading\" data-id=\"1c5f102\" data-element_type=\"widget\" data-e-type=\"widget\" data-widget_type=\"heading.default\">\n\t\t\t\t<div class=\"elementor-widget-container\">\n\t\t\t\t\t<h2 class=\"elementor-heading-title elementor-size-default\">Quels sont les \u00e9quipements typiques d'une albergue ?<\/h2>\t\t\t\t<\/div>\n\t\t\t\t<\/div>\n\t\t\t\t<div class=\"elementor-element elementor-element-1685b69 elementor-widget elementor-widget-text-editor\" data-id=\"1685b69\" data-element_type=\"widget\" data-e-type=\"widget\" data-widget_type=\"text-editor.default\">\n\t\t\t\t<div class=\"elementor-widget-container\">\n\t\t\t\t\t\t\t\t\t<p><span style=\"font-weight: 400;\">Une albergue typique dispose d'installations de base telles que des chambres \u00e0 coucher communes, une salle de bain commune, des installations de lavage et parfois une cuisine commune.<\/span><\/p><p><span style=\"font-weight: 400;\">La plupart des albergues disposent d'espaces ext\u00e9rieurs pour se d\u00e9tendre et d'\u00e9quipements suppl\u00e9mentaires tels que le Wi-Fi et des services de blanchisserie.\u00a0<\/span><\/p><p><span style=\"font-weight: 400;\">Certaines disposent \u00e9galement d'un bar, d'un caf\u00e9 et de distributeurs automatiques. Chaque albergue est diff\u00e9rente et il vaut mieux prendre chaque albergue comme elle vient.<\/span><\/p>\t\t\t\t\t\t\t\t<\/div>\n\t\t\t\t<\/div>\n\t\t\t\t<div class=\"elementor-element elementor-element-77573f2 elementor-widget elementor-widget-heading\" data-id=\"77573f2\" data-element_type=\"widget\" data-e-type=\"widget\" data-widget_type=\"heading.default\">\n\t\t\t\t<div class=\"elementor-widget-container\">\n\t\t\t\t\t<h2 class=\"elementor-heading-title elementor-size-default\">Laver le linge dans un albergue<\/h2>\t\t\t\t<\/div>\n\t\t\t\t<\/div>\n\t\t\t\t<div class=\"elementor-element elementor-element-da1341d elementor-widget elementor-widget-text-editor\" data-id=\"da1341d\" data-element_type=\"widget\" data-e-type=\"widget\" data-widget_type=\"text-editor.default\">\n\t\t\t\t<div class=\"elementor-widget-container\">\n\t\t\t\t\t\t\t\t\t<p><span style=\"font-weight: 400;\">La plupart des albergues disposent d'installations de lavage, sous la forme d'un \u00e9vier commun ou d'une machine \u00e0 laver commune, et la plupart vendent des doses de poudre \u00e0 laver.<\/span><\/p><p><span style=\"font-weight: 400;\">Je vous recommande d'apporter des v\u00eatements l\u00e9gers et qui s\u00e8chent rapidement, car quelques heures au soleil suffiront \u00e0 tout s\u00e9cher.<\/span><\/p><p><span style=\"font-weight: 400;\">Sur mon Camino, j'ai voyag\u00e9 avec deux autres p\u00e8lerins et nous avons simplement fait une grande lessive tous les 2 ou 3 jours et ce r\u00e9gime nous a servi tout au long de notre Camino jusqu'\u00e0 Santiago.<\/span><\/p>\t\t\t\t\t\t\t\t<\/div>\n\t\t\t\t<\/div>\n\t\t\t\t<div class=\"elementor-element elementor-element-bb6394f elementor-widget elementor-widget-heading\" data-id=\"bb6394f\" data-element_type=\"widget\" data-e-type=\"widget\" data-widget_type=\"heading.default\">\n\t\t\t\t<div class=\"elementor-widget-container\">\n\t\t\t\t\t<h2 class=\"elementor-heading-title elementor-size-default\">Heure d'arriv\u00e9e typique dans un albergue<\/h2>\t\t\t\t<\/div>\n\t\t\t\t<\/div>\n\t\t\t\t<div class=\"elementor-element elementor-element-0da6fc0 elementor-widget elementor-widget-text-editor\" data-id=\"0da6fc0\" data-element_type=\"widget\" data-e-type=\"widget\" data-widget_type=\"text-editor.default\">\n\t\t\t\t<div class=\"elementor-widget-container\">\n\t\t\t\t\t\t\t\t\t<p><span style=\"font-weight: 400;\">Les heures d'enregistrement varient selon les albergues, mais la plupart ouvrent leurs portes en d\u00e9but d'apr\u00e8s-midi, vers 14-16 heures, les albergues municipales ouvrant vers 16 heures.\u00a0<\/span><\/p><p><span style=\"font-weight: 400;\">Les albergues municipales se reconnaissent toujours \u00e0 la file de sacs \u00e0 dos qui attendent l'enregistrement \u00e0 l'ext\u00e9rieur.<\/span><\/p><p><span style=\"font-weight: 400;\">Certaines albergues peuvent \u00e9galement imposer un couvre-feu en soir\u00e9e, n'oubliez donc pas de vous renseigner au moment de l'enregistrement.<\/span><\/p>\t\t\t\t\t\t\t\t<\/div>\n\t\t\t\t<\/div>\n\t\t\t\t<div class=\"elementor-element elementor-element-352b029 elementor-widget elementor-widget-image\" data-id=\"352b029\" data-element_type=\"widget\" data-e-type=\"widget\" data-widget_type=\"image.default\">\n\t\t\t\t<div class=\"elementor-widget-container\">\n\t\t\t\t\t\t\t\t\t\t\t\t\t\t\t<img loading=\"lazy\" decoding=\"async\" data-attachment-id=\"12440\" data-permalink=\"https:\/\/followtheyellowshell.com\/fr\/beds-youth-hostel-bunk-beds-182964\/\" data-orig-file=\"https:\/\/i0.wp.com\/followtheyellowshell.com\/wp-content\/uploads\/2023\/02\/beds-youth-hostel-bunk-beds-182964.jpg?fit=1280%2C960&amp;ssl=1\" data-orig-size=\"1280,960\" data-comments-opened=\"1\" data-image-meta=\"{&quot;aperture&quot;:&quot;0&quot;,&quot;credit&quot;:&quot;&quot;,&quot;camera&quot;:&quot;&quot;,&quot;caption&quot;:&quot;&quot;,&quot;created_timestamp&quot;:&quot;0&quot;,&quot;copyright&quot;:&quot;&quot;,&quot;focal_length&quot;:&quot;0&quot;,&quot;iso&quot;:&quot;0&quot;,&quot;shutter_speed&quot;:&quot;0&quot;,&quot;title&quot;:&quot;&quot;,&quot;orientation&quot;:&quot;0&quot;}\" data-image-title=\"Bunk beds in an albergue on the Camino de Santiago\" data-image-description=\"&lt;p&gt;Bunk beds in an albergue on the Camino de Santiago&lt;\/p&gt;\" data-image-caption=\"&lt;p&gt;Bunk beds in an albergue on the Camino de Santiago&lt;\/p&gt;\" data-large-file=\"https:\/\/i0.wp.com\/followtheyellowshell.com\/wp-content\/uploads\/2023\/02\/beds-youth-hostel-bunk-beds-182964.jpg?fit=1024%2C768&amp;ssl=1\" width=\"1024\" height=\"768\" src=\"https:\/\/i0.wp.com\/followtheyellowshell.com\/wp-content\/uploads\/2023\/02\/beds-youth-hostel-bunk-beds-182964.jpg?fit=1024%2C768&amp;ssl=1\" class=\"attachment-large size-large wp-image-12440\" alt=\"Lits superpos\u00e9s dans une albergue sur le Camino de Santiago\" srcset=\"https:\/\/i0.wp.com\/followtheyellowshell.com\/wp-content\/uploads\/2023\/02\/beds-youth-hostel-bunk-beds-182964.jpg?w=1280&amp;ssl=1 1280w, https:\/\/i0.wp.com\/followtheyellowshell.com\/wp-content\/uploads\/2023\/02\/beds-youth-hostel-bunk-beds-182964.jpg?resize=300%2C225&amp;ssl=1 300w, https:\/\/i0.wp.com\/followtheyellowshell.com\/wp-content\/uploads\/2023\/02\/beds-youth-hostel-bunk-beds-182964.jpg?resize=1024%2C768&amp;ssl=1 1024w, https:\/\/i0.wp.com\/followtheyellowshell.com\/wp-content\/uploads\/2023\/02\/beds-youth-hostel-bunk-beds-182964.jpg?resize=150%2C113&amp;ssl=1 150w, https:\/\/i0.wp.com\/followtheyellowshell.com\/wp-content\/uploads\/2023\/02\/beds-youth-hostel-bunk-beds-182964.jpg?resize=768%2C576&amp;ssl=1 768w\" sizes=\"(max-width: 1000px) 100vw, 1000px\" \/>\t\t\t\t\t\t\t\t\t\t\t\t\t\t\t<\/div>\n\t\t\t\t<\/div>\n\t\t\t\t<div class=\"elementor-element elementor-element-b17f799 elementor-widget elementor-widget-heading\" data-id=\"b17f799\" data-element_type=\"widget\" data-e-type=\"widget\" data-widget_type=\"heading.default\">\n\t\t\t\t<div class=\"elementor-widget-container\">\n\t\t\t\t\t<h2 class=\"elementor-heading-title elementor-size-default\">Quand est-ce que les lumi\u00e8res s'\u00e9teignent dans une albergue ?<\/h2>\t\t\t\t<\/div>\n\t\t\t\t<\/div>\n\t\t\t\t<div class=\"elementor-element elementor-element-ddff439 elementor-widget elementor-widget-text-editor\" data-id=\"ddff439\" data-element_type=\"widget\" data-e-type=\"widget\" data-widget_type=\"text-editor.default\">\n\t\t\t\t<div class=\"elementor-widget-container\">\n\t\t\t\t\t\t\t\t\t<p><span style=\"font-weight: 400;\">La plupart des h\u00f4tels Albergues dans lesquels j'ai s\u00e9journ\u00e9 \u00e9teignent les lumi\u00e8res vers 22 heures, mais cela peut varier d'un endroit \u00e0 l'autre.\u00a0<\/span><\/p><p><span style=\"font-weight: 400;\">Il est important de respecter les autres p\u00e8lerins et d'observer des heures de silence le soir.<\/span><\/p><p><span style=\"font-weight: 400;\">Certains p\u00e8lerins fatigu\u00e9s se couchent plus t\u00f4t que 21 heures. Dans la mesure du possible, r\u00e9duisez le bruit au minimum.<\/span><\/p>\t\t\t\t\t\t\t\t<\/div>\n\t\t\t\t<\/div>\n\t\t\t\t<div class=\"elementor-element elementor-element-839f789 elementor-widget elementor-widget-heading\" data-id=\"839f789\" data-element_type=\"widget\" data-e-type=\"widget\" data-widget_type=\"heading.default\">\n\t\t\t\t<div class=\"elementor-widget-container\">\n\t\t\t\t\t<h2 class=\"elementor-heading-title elementor-size-default\">Comment passer une bonne nuit de sommeil dans une albergue ?<\/h2>\t\t\t\t<\/div>\n\t\t\t\t<\/div>\n\t\t\t\t<div class=\"elementor-element elementor-element-0c461a8 elementor-widget elementor-widget-text-editor\" data-id=\"0c461a8\" data-element_type=\"widget\" data-e-type=\"widget\" data-widget_type=\"text-editor.default\">\n\t\t\t\t<div class=\"elementor-widget-container\">\n\t\t\t\t\t\t\t\t\t<p><span style=\"font-weight: 400;\">Quel que soit l'endroit o\u00f9 vous s\u00e9journez sur le Camino, il est tr\u00e8s important de passer une bonne nuit de sommeil afin de vous sentir frais et dispos avant une nouvelle journ\u00e9e de marche vers Santiago.<\/span><\/p><p><span style=\"font-weight: 400;\">Cela peut s'av\u00e9rer difficile lorsque l'on dort dans une albergue commune, car les bruits provenant de certains p\u00e8lerins peuvent \u00eatre bruyants.\u00a0<\/span><\/p><p><span style=\"font-weight: 400;\">Les Albergues municipales peuvent \u00eatre un creuset de personnalit\u00e9s diff\u00e9rentes, ce qui donne lieu \u00e0 des nuits int\u00e9ressantes. J'ai connu des nuits o\u00f9 la f\u00eate du ronflement \u00e9tait vraiment bruyante.<\/span><\/p><p><span style=\"font-weight: 400;\">Apr\u00e8s avoir pass\u00e9 de nombreuses nuits \u00e0 \u00e9couter l'hymne de l'Albergue, j'utilise d\u00e9sormais toujours ces tr\u00e8s bons produits. <\/span><span style=\"font-weight: 400;\">bouchons d'oreille<\/span><span style=\"font-weight: 400;\"> pour m'assurer que je dormirai toute la nuit.<\/span><\/p>\t\t\t\t\t\t\t\t<\/div>\n\t\t\t\t<\/div>\n\t\t\t\t<div class=\"elementor-element elementor-element-6c50683 elementor-widget elementor-widget-heading\" data-id=\"6c50683\" data-element_type=\"widget\" data-e-type=\"widget\" data-widget_type=\"heading.default\">\n\t\t\t\t<div class=\"elementor-widget-container\">\n\t\t\t\t\t<h2 class=\"elementor-heading-title elementor-size-default\">\u00c0 quelle heure les p\u00e8lerins se r\u00e9veillent-ils dans une albergue ?<\/h2>\t\t\t\t<\/div>\n\t\t\t\t<\/div>\n\t\t\t\t<div class=\"elementor-element elementor-element-79ec1a3 elementor-widget elementor-widget-text-editor\" data-id=\"79ec1a3\" data-element_type=\"widget\" data-e-type=\"widget\" data-widget_type=\"text-editor.default\">\n\t\t\t\t<div class=\"elementor-widget-container\">\n\t\t\t\t\t\t\t\t\t<p><span style=\"font-weight: 400;\">La plupart des p\u00e8lerins se r\u00e9veillent vers 6 ou 7 heures du matin et, apr\u00e8s s'\u00eatre habill\u00e9s et pr\u00e9par\u00e9s, se mettent en route pour 8 heures.<\/span><\/p><p><span style=\"font-weight: 400;\">Il arrive que certains p\u00e8lerins se l\u00e8vent tr\u00e8s t\u00f4t et partent dans l'obscurit\u00e9, ce qui leur permet d'accomplir une grande partie de leur voyage avant que la chaleur de la journ\u00e9e ne se fasse sentir.<\/span><\/p><p><span style=\"font-weight: 400;\">Si vous \u00eates l'un d'entre eux, veuillez respecter les autres p\u00e8lerins de l'albergue et rester silencieux lorsque vous sortez de votre lit superpos\u00e9 et que vous vous pr\u00e9parez.\u00a0<\/span><\/p><p><span style=\"font-weight: 400;\">Sur mon camino, si je pars t\u00f4t, je d\u00e9place toujours mon sac \u00e0 dos dans l'espace commun pour me pr\u00e9parer en \u00e9tant aussi silencieux que possible.<\/span><\/p>\t\t\t\t\t\t\t\t<\/div>\n\t\t\t\t<\/div>\n\t\t\t\t<div class=\"elementor-element elementor-element-7e45e81 elementor-widget elementor-widget-heading\" data-id=\"7e45e81\" data-element_type=\"widget\" data-e-type=\"widget\" data-widget_type=\"heading.default\">\n\t\t\t\t<div class=\"elementor-widget-container\">\n\t\t\t\t\t<h2 class=\"elementor-heading-title elementor-size-default\">Les punaises de lit dans les albergues sur le Camino de Santiago<\/h2>\t\t\t\t<\/div>\n\t\t\t\t<\/div>\n\t\t\t\t<div class=\"elementor-element elementor-element-e2ad08c elementor-widget elementor-widget-text-editor\" data-id=\"e2ad08c\" data-element_type=\"widget\" data-e-type=\"widget\" data-widget_type=\"text-editor.default\">\n\t\t\t\t<div class=\"elementor-widget-container\">\n\t\t\t\t\t\t\t\t\t<p><span style=\"font-weight: 400;\">Les punaises de lit sont un probl\u00e8me potentiel dans tous les types d'h\u00e9bergement, y compris les albergues sur le Camino de Santiago.\u00a0<\/span><\/p><p><span style=\"font-weight: 400;\">Cependant, la plupart des albergues prennent des pr\u00e9cautions pour pr\u00e9venir et contr\u00f4ler les infestations, telles que des inspections r\u00e9guli\u00e8res et l'utilisation de housses anti-punaises de lit sur les matelas et les oreillers.<\/span><\/p><p><span style=\"font-weight: 400;\">Je prends toujours un<\/span><span style=\"font-weight: 400;\"> drap de lit en soie<\/span><span style=\"font-weight: 400;\"> et l'utiliser dans la mesure du possible. J'ai parcouru le Camino \u00e0 de nombreuses reprises et je n'ai jamais rencontr\u00e9 de punaises de lit dans une albergue.<\/span><\/p>\t\t\t\t\t\t\t\t<\/div>\n\t\t\t\t<\/div>\n\t\t\t\t<div class=\"elementor-element elementor-element-a4e6c47 elementor-widget elementor-widget-heading\" data-id=\"a4e6c47\" data-element_type=\"widget\" data-e-type=\"widget\" data-widget_type=\"heading.default\">\n\t\t\t\t<div class=\"elementor-widget-container\">\n\t\t\t\t\t<h2 class=\"elementor-heading-title elementor-size-default\">R\u00e9duire les risques d'attraper des punaises de lit<\/h2>\t\t\t\t<\/div>\n\t\t\t\t<\/div>\n\t\t\t\t<div class=\"elementor-element elementor-element-f08fb0b elementor-widget elementor-widget-text-editor\" data-id=\"f08fb0b\" data-element_type=\"widget\" data-e-type=\"widget\" data-widget_type=\"text-editor.default\">\n\t\t\t\t<div class=\"elementor-widget-container\">\n\t\t\t\t\t\t\t\t\t<p><span style=\"font-weight: 400;\">Pour r\u00e9duire le risque d'attraper des punaises de lit, il est conseill\u00e9 d'inspecter le lit et ses alentours avant de s'y installer pour la nuit et d'utiliser un drap de lit en soie comme indiqu\u00e9 ci-dessus.<\/span><\/p>\t\t\t\t\t\t\t\t<\/div>\n\t\t\t\t<\/div>\n\t\t\t\t<div class=\"elementor-element elementor-element-484c853 elementor-widget elementor-widget-heading\" data-id=\"484c853\" data-element_type=\"widget\" data-e-type=\"widget\" data-widget_type=\"heading.default\">\n\t\t\t\t<div class=\"elementor-widget-container\">\n\t\t\t\t\t<h2 class=\"elementor-heading-title elementor-size-default\">Les Albergues fournissent-ils des couvertures ?<\/h2>\t\t\t\t<\/div>\n\t\t\t\t<\/div>\n\t\t\t\t<div class=\"elementor-element elementor-element-73de0e6 elementor-widget elementor-widget-text-editor\" data-id=\"73de0e6\" data-element_type=\"widget\" data-e-type=\"widget\" data-widget_type=\"text-editor.default\">\n\t\t\t\t<div class=\"elementor-widget-container\">\n\t\t\t\t\t\t\t\t\t<p><span style=\"font-weight: 400;\">La plupart des h\u00f4tels priv\u00e9s fournissent des couvertures d'une forme ou d'une taille quelconque pour les nuits froides, mais je n'ai pas vu de couvertures \u00e0 utiliser dans les h\u00f4tels municipaux.<\/span><\/p><p><span style=\"font-weight: 400;\">J'utilise toujours ma doublure de sac de couchage en soie et je dors dans mes v\u00eatements de marche avant le lendemain s'il fait particuli\u00e8rement froid.<\/span><\/p>\t\t\t\t\t\t\t\t<\/div>\n\t\t\t\t<\/div>\n\t\t\t\t<div class=\"elementor-element elementor-element-daf8e14 elementor-widget elementor-widget-heading\" data-id=\"daf8e14\" data-element_type=\"widget\" data-e-type=\"widget\" data-widget_type=\"heading.default\">\n\t\t\t\t<div class=\"elementor-widget-container\">\n\t\t\t\t\t<h2 class=\"elementor-heading-title elementor-size-default\">Les Albergues fournissent-ils des serviettes ?<\/h2>\t\t\t\t<\/div>\n\t\t\t\t<\/div>\n\t\t\t\t<div class=\"elementor-element elementor-element-1290312 elementor-widget elementor-widget-text-editor\" data-id=\"1290312\" data-element_type=\"widget\" data-e-type=\"widget\" data-widget_type=\"text-editor.default\">\n\t\t\t\t<div class=\"elementor-widget-container\">\n\t\t\t\t\t\t\t\t\t<p><span style=\"font-weight: 400;\">Les albergues ne fournissent pas de serviettes de bain, c'est la responsabilit\u00e9 du p\u00e8lerin.\u00a0<\/span><\/p><p><span style=\"font-weight: 400;\">J'utilise un <\/span><span style=\"font-weight: 400;\">serviette de voyage en microfibre<\/span><span style=\"font-weight: 400;\"> pour tous mes Caminos et \u00e7a marche tr\u00e8s bien pour moi et surtout \u00e7a s\u00e8che tr\u00e8s vite.<\/span><\/p>\t\t\t\t\t\t\t\t<\/div>\n\t\t\t\t<\/div>\n\t\t\t\t<div class=\"elementor-element elementor-element-f731456 elementor-widget elementor-widget-heading\" data-id=\"f731456\" data-element_type=\"widget\" data-e-type=\"widget\" data-widget_type=\"heading.default\">\n\t\t\t\t<div class=\"elementor-widget-container\">\n\t\t\t\t\t<h2 class=\"elementor-heading-title elementor-size-default\">Combien de temps peut-on rester dans une albergue ?<\/h2>\t\t\t\t<\/div>\n\t\t\t\t<\/div>\n\t\t\t\t<div class=\"elementor-element elementor-element-4f0a762 elementor-widget elementor-widget-text-editor\" data-id=\"4f0a762\" data-element_type=\"widget\" data-e-type=\"widget\" data-widget_type=\"text-editor.default\">\n\t\t\t\t<div class=\"elementor-widget-container\">\n\t\t\t\t\t\t\t\t\t<p><span style=\"font-weight: 400;\">Dans une auberge municipale, vous ne pouvez rester qu'une nuit avec votre passeport de p\u00e8lerin, le Credencial, \u00e0 moins que vous ne soyez malade et qu'une autre nuit soit autoris\u00e9e.\u00a0<\/span><\/p><p><span style=\"font-weight: 400;\">Si vous pr\u00e9voyez de rester plus d'une nuit dans votre destination, je vous sugg\u00e8re de r\u00e9server une albergue priv\u00e9e ou un h\u00f4tel.<\/span><\/p>\t\t\t\t\t\t\t\t<\/div>\n\t\t\t\t<\/div>\n\t\t\t\t<div class=\"elementor-element elementor-element-b09ddc3 elementor-widget elementor-widget-image\" data-id=\"b09ddc3\" data-element_type=\"widget\" data-e-type=\"widget\" data-widget_type=\"image.default\">\n\t\t\t\t<div class=\"elementor-widget-container\">\n\t\t\t\t\t\t\t\t\t\t\t\t\t\t\t<img loading=\"lazy\" decoding=\"async\" data-attachment-id=\"12479\" data-permalink=\"https:\/\/followtheyellowshell.com\/fr\/albergues-on-el-camino-de-santiago\/km-marker-on-el-camino-de-santiago\/\" data-orig-file=\"https:\/\/i0.wp.com\/followtheyellowshell.com\/wp-content\/uploads\/2023\/02\/KM-marker-on-el-camino-de-santiago-.jpg?fit=480%2C640&amp;ssl=1\" data-orig-size=\"480,640\" data-comments-opened=\"1\" data-image-meta=\"{&quot;aperture&quot;:&quot;0&quot;,&quot;credit&quot;:&quot;&quot;,&quot;camera&quot;:&quot;&quot;,&quot;caption&quot;:&quot;&quot;,&quot;created_timestamp&quot;:&quot;0&quot;,&quot;copyright&quot;:&quot;&quot;,&quot;focal_length&quot;:&quot;0&quot;,&quot;iso&quot;:&quot;0&quot;,&quot;shutter_speed&quot;:&quot;0&quot;,&quot;title&quot;:&quot;&quot;,&quot;orientation&quot;:&quot;0&quot;}\" data-image-title=\"KM marker on el camino de santiago\" data-image-description=\"&lt;p&gt;KM marker on el camino de santiago&lt;\/p&gt;\" data-image-caption=\"&lt;p&gt;KM marker on el camino de santiago&lt;\/p&gt;\" data-large-file=\"https:\/\/i0.wp.com\/followtheyellowshell.com\/wp-content\/uploads\/2023\/02\/KM-marker-on-el-camino-de-santiago-.jpg?fit=480%2C640&amp;ssl=1\" width=\"480\" height=\"640\" src=\"https:\/\/i0.wp.com\/followtheyellowshell.com\/wp-content\/uploads\/2023\/02\/KM-marker-on-el-camino-de-santiago-.jpg?fit=480%2C640&amp;ssl=1\" class=\"attachment-large size-large wp-image-12479\" alt=\"KM marker on el camino de santiago\" srcset=\"https:\/\/i0.wp.com\/followtheyellowshell.com\/wp-content\/uploads\/2023\/02\/KM-marker-on-el-camino-de-santiago-.jpg?w=480&amp;ssl=1 480w, https:\/\/i0.wp.com\/followtheyellowshell.com\/wp-content\/uploads\/2023\/02\/KM-marker-on-el-camino-de-santiago-.jpg?resize=225%2C300&amp;ssl=1 225w, https:\/\/i0.wp.com\/followtheyellowshell.com\/wp-content\/uploads\/2023\/02\/KM-marker-on-el-camino-de-santiago-.jpg?resize=113%2C150&amp;ssl=1 113w\" sizes=\"(max-width: 480px) 100vw, 480px\" \/>\t\t\t\t\t\t\t\t\t\t\t\t\t\t\t<\/div>\n\t\t\t\t<\/div>\n\t\t\t\t<div class=\"elementor-element elementor-element-b48cafc elementor-widget elementor-widget-heading\" data-id=\"b48cafc\" data-element_type=\"widget\" data-e-type=\"widget\" data-widget_type=\"heading.default\">\n\t\t\t\t<div class=\"elementor-widget-container\">\n\t\t\t\t\t<h2 class=\"elementor-heading-title elementor-size-default\">Articles utiles \u00e0 emporter \u00e0 Albergues<\/h2>\t\t\t\t<\/div>\n\t\t\t\t<\/div>\n\t\t\t\t<div class=\"elementor-element elementor-element-c41cd29 elementor-widget elementor-widget-text-editor\" data-id=\"c41cd29\" data-element_type=\"widget\" data-e-type=\"widget\" data-widget_type=\"text-editor.default\">\n\t\t\t\t<div class=\"elementor-widget-container\">\n\t\t\t\t\t\t\t\t\t<p><span style=\"font-weight: 400;\">Lorsque vous s\u00e9journez dans des albergues sur le Camino de Santiago, il est important d'apporter les articles suivants afin de rendre votre s\u00e9jour aussi facile et confortable que possible: :<\/span><\/p><ul><li style=\"font-weight: 400;\" aria-level=\"1\"><span style=\"font-weight: 400;\">L\u00e9ger et compact <strong><a href=\"https:\/\/amzn.to\/40YlMHz\" target=\"_blank\" rel=\"noopener\">doublure de sac de couchage en soie<\/a><\/strong><\/span><\/li><li style=\"font-weight: 400;\" aria-level=\"1\"><strong><a class=\"thirstylink\" title=\"serviette de voyage en microfibre\" href=\"https:\/\/followtheyellowshell.com\/fr\/recommends\/microfibre-travel-towel-2\/\" target=\"_blank\" rel=\"nofollow noopener\">Serviette de voyage en microfibre<\/a><\/strong><\/li><li style=\"font-weight: 400;\" aria-level=\"1\"><span style=\"font-weight: 400;\">Articles de toilette de voyage<\/span><\/li><li style=\"font-weight: 400;\" aria-level=\"1\"><span style=\"font-weight: 400;\">Petit pliable <strong><a href=\"https:\/\/amzn.to\/41hpADI\" target=\"_blank\" rel=\"noopener\">brosse \u00e0 dents de voyage<\/a><\/strong><\/span><\/li><li style=\"font-weight: 400;\" aria-level=\"1\"><span style=\"font-weight: 400;\"><strong><a href=\"https:\/\/amzn.to\/3mkhLOV\" target=\"_blank\" rel=\"noopener\">Tongs<\/a><\/strong> \u00e0 porter sous la douche<\/span><\/li><\/ul><p><span style=\"font-weight: 400;\">Si vos articles de toilette sont \u00e9puis\u00e9s, vous trouverez de nombreux supermarch\u00e9s le long de la route pour vous r\u00e9approvisionner.<\/span><\/p><p><b>CONSEIL<\/b><span style=\"font-weight: 400;\"> - chaque gramme suppl\u00e9mentaire que vous devez porter<\/span><\/p>\t\t\t\t\t\t\t\t<\/div>\n\t\t\t\t<\/div>\n\t\t\t\t<div class=\"elementor-element elementor-element-0687029 elementor-widget elementor-widget-heading\" data-id=\"0687029\" data-element_type=\"widget\" data-e-type=\"widget\" data-widget_type=\"heading.default\">\n\t\t\t\t<div class=\"elementor-widget-container\">\n\t\t\t\t\t<h2 class=\"elementor-heading-title elementor-size-default\">Peut-on camper sur le Camino ?<\/h2>\t\t\t\t<\/div>\n\t\t\t\t<\/div>\n\t\t\t\t<div class=\"elementor-element elementor-element-13cda22 elementor-widget elementor-widget-text-editor\" data-id=\"13cda22\" data-element_type=\"widget\" data-e-type=\"widget\" data-widget_type=\"text-editor.default\">\n\t\t\t\t<div class=\"elementor-widget-container\">\n\t\t\t\t\t\t\t\t\t<p><span style=\"font-weight: 400;\">On me pose souvent la question du camping sur le Camino. Bien que le camping ne soit pas autoris\u00e9 dans la plupart des zones le long du Camino de Santiago, il y a des terrains de camping d\u00e9sign\u00e9s et des zones o\u00f9 il est autoris\u00e9.\u00a0<\/span><\/p><p><span style=\"font-weight: 400;\">Il est important de se renseigner aupr\u00e8s des autorit\u00e9s locales et de respecter les r\u00e8gles et r\u00e8glements \u00e9tablis. \u00c0 ma connaissance, il est ill\u00e9gal de camper o\u00f9 l'on veut.<\/span><\/p>\t\t\t\t\t\t\t\t<\/div>\n\t\t\t\t<\/div>\n\t\t\t\t<div class=\"elementor-element elementor-element-3032f39 elementor-widget elementor-widget-heading\" data-id=\"3032f39\" data-element_type=\"widget\" data-e-type=\"widget\" data-widget_type=\"heading.default\">\n\t\t\t\t<div class=\"elementor-widget-container\">\n\t\t\t\t\t<h2 class=\"elementor-heading-title elementor-size-default\">Conclusion<\/h2>\t\t\t\t<\/div>\n\t\t\t\t<\/div>\n\t\t\t\t<div class=\"elementor-element elementor-element-ae5e4d9 elementor-widget elementor-widget-text-editor\" data-id=\"ae5e4d9\" data-element_type=\"widget\" data-e-type=\"widget\" data-widget_type=\"text-editor.default\">\n\t\t\t\t<div class=\"elementor-widget-container\">\n\t\t\t\t\t\t\t\t\t<p><span style=\"font-weight: 400;\">En conclusion, les albergues sont une option \u00e9conomique pour les p\u00e8lerins sur le Chemin de Saint-Jacques, offrant des services de base mais essentiels pour les p\u00e8lerins et faisant partie int\u00e9grante du voyage.<\/span><\/p><p><span style=\"font-weight: 400;\">Ils peuvent \u00eatre luxueux et confortables ou exigus et tr\u00e8s rudimentaires. Qu'il s'agisse d'albergues priv\u00e9es avec des lits douillets ou d'albergues municipales avec un personnel grincheux, chacune d'entre elles offre son lot unique de d\u00e9fis et de surprises.<\/span><\/p><p><span style=\"font-weight: 400;\">Avec une gamme d'options allant des albergues municipales aux albergues priv\u00e9es, il y en a pour tous les p\u00e8lerins. Mais quel que soit le type d'albergue dans lequel vous vous trouvez, elles sont pleines de caract\u00e8re et offrent un ensemble unique de d\u00e9fis qui peuvent donner lieu \u00e0 des moments hilarants.<\/span><\/p><p><span style=\"font-weight: 400;\">Acceptez les hauts et les bas, choisissez judicieusement et profitez du voyage. Cela fait partie de l'exp\u00e9rience du Camino.<\/span><\/p><p><span style=\"font-weight: 400;\">Pendant la haute saison, je v\u00e9rifierais les disponibilit\u00e9s pour votre destination afin de m'assurer que vous aurez un endroit o\u00f9 reposer votre t\u00eate pendant votre p\u00e8lerinage sur le Camino.<\/span><\/p><p><span style=\"font-weight: 400;\">N'oubliez pas de respecter les autres p\u00e8lerins, quelle que soit l'auberge dans laquelle vous s\u00e9journez sur le Camino de Santiago.<\/span><\/p><p><span style=\"font-weight: 400;\">Buen Camino !<\/span><\/p>\t\t\t\t\t\t\t\t<\/div>\n\t\t\t\t<\/div>\n\t\t\t\t<div class=\"elementor-element elementor-element-95b2697 elementor-widget elementor-widget-heading\" data-id=\"95b2697\" data-element_type=\"widget\" data-e-type=\"widget\" data-widget_type=\"heading.default\">\n\t\t\t\t<div class=\"elementor-widget-container\">\n\t\t\t\t\t<h2 class=\"elementor-heading-title elementor-size-default\">Liste des Albergues par village\/ville<\/h2>\t\t\t\t<\/div>\n\t\t\t\t<\/div>\n\t\t\t\t<div class=\"elementor-element elementor-element-c3b7b05 elementor-widget elementor-widget-text-editor\" data-id=\"c3b7b05\" data-element_type=\"widget\" data-e-type=\"widget\" data-widget_type=\"text-editor.default\">\n\t\t\t\t<div class=\"elementor-widget-container\">\n\t\t\t\t\t\t\t\t\t<ul><li><strong><a href=\"https:\/\/followtheyellowshell.com\/fr\/albergues-a-orisson\/\">Les meilleurs albergues \u00e0 Orisson<\/a><\/strong><\/li><li><strong><a href=\"https:\/\/followtheyellowshell.com\/fr\/albergues-a-roncesvalles\/\">Best Albergues in Roncesvalles Espagne<\/a><\/strong><\/li><li><strong><a href=\"https:\/\/followtheyellowshell.com\/fr\/albergues-en-burguete\/\">Les meilleurs albergues de Burguete<\/a><\/strong><\/li><li><strong><a href=\"https:\/\/followtheyellowshell.com\/fr\/albergues-a-espinal\/\">Best Albergues in Espinal<\/a><\/strong><\/li><li>Albergues \u00e0 Larrasoana<\/li><li><strong><a href=\"https:\/\/followtheyellowshell.com\/fr\/albergues-a-zubiri\/\">Albergues \u00e0 Zubiri<\/a><\/strong><\/li><li>Albergues \u00e0 Pamplona<\/li><li>Albergues \u00e0 Zizur Mayor<\/li><li>Albergues \u00e0 Cirauqui<\/li><li>Albergues \u00e0 Estella<\/li><li>Albergues \u00e0 Irache<\/li><li><strong><a href=\"https:\/\/followtheyellowshell.com\/fr\/albergues-a-azqueta\/\">Albergues \u00e0 Azqueta<\/a><\/strong><\/li><li><strong><a href=\"https:\/\/followtheyellowshell.com\/fr\/albergues-a-ventosa\/\">Albergues \u00e0 Ventosa<\/a><\/strong><\/li><li><strong><a href=\"https:\/\/followtheyellowshell.com\/fr\/albergues-a-navarrete\/\">Albergues \u00e0 Navarrete<\/a><\/strong><\/li><li>Albergues \u00e0 Villamajor de Monjardin<\/li><li><strong><a href=\"https:\/\/followtheyellowshell.com\/fr\/albergues-puente-la-reina\/\">Albergues \u00e0 Puente le Reina<\/a><\/strong><\/li><li><strong><a href=\"https:\/\/followtheyellowshell.com\/fr\/albergues-a-torres-del-rio\/\">Albergues \u00e0 Torres del Rio<\/a><\/strong><\/li><li><strong><a href=\"https:\/\/followtheyellowshell.com\/fr\/albergues-in-azofra\/\">Les meilleurs albergues d'Azofra pour les p\u00e8lerins<\/a><\/strong><\/li><li><strong><a href=\"https:\/\/followtheyellowshell.com\/fr\/albergues-a-hornillos-del-camino\/\">Albergues \u00e0 Hornillos del Camino<\/a><\/strong><\/li><\/ul>\t\t\t\t\t\t\t\t<\/div>\n\t\t\t\t<\/div>\n\t\t\t\t\t<\/div>\n\t\t<\/div>\n\t\t\t\t\t<\/div>\n\t\t<\/section>\n\t\t\t\t<\/div>","protected":false},"excerpt":{"rendered":"<p>Are you planning on embarking on the spiritual pilgrimage of El Camino de Santiago? One of the most important parts of your pilgrimage will be where to stay each night.\u00a0 Albergues, also known as hostels, offer a unique and communal experience for pilgrims on the Camino.\u00a0 In this article, we&#8217;ll dive into what you need to know about albergues on El Camino de Santiago \u2013 from their history and facilities to how to book and prepare for your stay.\u00a0 Whether you&#8217;re a seasoned veteran or a first-time pilgrim, this comprehensive guide will help ensure a comfortable and memorable experience on your Camino journey. What is a Camino Albergue ? A Camino<\/p>","protected":false},"author":76405655,"featured_media":12424,"comment_status":"open","ping_status":"open","sticky":false,"template":"","format":"standard","meta":{"site-sidebar-layout":"default","site-content-layout":"","ast-site-content-layout":"default","site-content-style":"default","site-sidebar-style":"default","ast-global-header-display":"","ast-banner-title-visibility":"","ast-main-header-display":"","ast-hfb-above-header-display":"","ast-hfb-below-header-display":"","ast-hfb-mobile-header-display":"","site-post-title":"","ast-breadcrumbs-content":"","ast-featured-img":"","footer-sml-layout":"","theme-transparent-header-meta":"","adv-header-id-meta":"","stick-header-meta":"","header-above-stick-meta":"","header-main-stick-meta":"","header-below-stick-meta":"","astra-migrate-meta-layouts":"set","ast-page-background-enabled":"default","ast-page-background-meta":{"desktop":{"background-color":"","background-image":"","background-repeat":"repeat","background-position":"center center","background-size":"auto","background-attachment":"scroll","background-type":"","background-media":"","overlay-type":"","overlay-color":"","overlay-gradient":""},"tablet":{"background-color":"","background-image":"","background-repeat":"repeat","background-position":"center center","background-size":"auto","background-attachment":"scroll","background-type":"","background-media":"","overlay-type":"","overlay-color":"","overlay-gradient":""},"mobile":{"background-color":"","background-image":"","background-repeat":"repeat","background-position":"center center","background-size":"auto","background-attachment":"scroll","background-type":"","background-media":"","overlay-type":"","overlay-color":"","overlay-gradient":""}},"ast-content-background-meta":{"desktop":{"background-color":"var(--ast-global-color-5)","background-image":"","background-repeat":"repeat","background-position":"center center","background-size":"auto","background-attachment":"scroll","background-type":"","background-media":"","overlay-type":"","overlay-color":"","overlay-gradient":""},"tablet":{"background-color":"var(--ast-global-color-5)","background-image":"","background-repeat":"repeat","background-position":"center center","background-size":"auto","background-attachment":"scroll","background-type":"","background-media":"","overlay-type":"","overlay-color":"","overlay-gradient":""},"mobile":{"background-color":"var(--ast-global-color-5)","background-image":"","background-repeat":"repeat","background-position":"center center","background-size":"auto","background-attachment":"scroll","background-type":"","background-media":"","overlay-type":"","overlay-color":"","overlay-gradient":""}},"_jetpack_newsletter_access":"","_jetpack_dont_email_post_to_subs":false,"_jetpack_newsletter_tier_id":0,"_jetpack_memberships_contains_paywalled_content":false,"_jetpack_memberships_contains_paid_content":false,"footnotes":"","jetpack_publicize_message":"","jetpack_publicize_feature_enabled":true,"jetpack_social_post_already_shared":true,"jetpack_social_options":{"image_generator_settings":{"template":"highway","default_image_id":0,"font":"","enabled":false},"version":2},"_wpas_customize_per_network":false,"jetpack_post_was_ever_published":false},"categories":[438393622],"tags":[438393623],"class_list":["post-7403","post","type-post","status-publish","format-standard","has-post-thumbnail","hentry","category-accommodation","tag-albergue"],"jetpack_publicize_connections":[],"jetpack_featured_media_url":"https:\/\/i0.wp.com\/followtheyellowshell.com\/wp-content\/uploads\/2023\/02\/Municipal-albergue-on-el-camino-de-santiago.jpg?fit=1656%2C956&ssl=1","jetpack_likes_enabled":true,"jetpack_sharing_enabled":true,"jetpack_shortlink":"https:\/\/wp.me\/p5qlUV-1Vp","_links":{"self":[{"href":"https:\/\/followtheyellowshell.com\/fr\/wp-json\/wp\/v2\/posts\/7403","targetHints":{"allow":["GET"]}}],"collection":[{"href":"https:\/\/followtheyellowshell.com\/fr\/wp-json\/wp\/v2\/posts"}],"about":[{"href":"https:\/\/followtheyellowshell.com\/fr\/wp-json\/wp\/v2\/types\/post"}],"author":[{"embeddable":true,"href":"https:\/\/followtheyellowshell.com\/fr\/wp-json\/wp\/v2\/users\/76405655"}],"replies":[{"embeddable":true,"href":"https:\/\/followtheyellowshell.com\/fr\/wp-json\/wp\/v2\/comments?post=7403"}],"version-history":[{"count":100,"href":"https:\/\/followtheyellowshell.com\/fr\/wp-json\/wp\/v2\/posts\/7403\/revisions"}],"predecessor-version":[{"id":20359,"href":"https:\/\/followtheyellowshell.com\/fr\/wp-json\/wp\/v2\/posts\/7403\/revisions\/20359"}],"wp:featuredmedia":[{"embeddable":true,"href":"https:\/\/followtheyellowshell.com\/fr\/wp-json\/wp\/v2\/media\/12424"}],"wp:attachment":[{"href":"https:\/\/followtheyellowshell.com\/fr\/wp-json\/wp\/v2\/media?parent=7403"}],"wp:term":[{"taxonomy":"category","embeddable":true,"href":"https:\/\/followtheyellowshell.com\/fr\/wp-json\/wp\/v2\/categories?post=7403"},{"taxonomy":"post_tag","embeddable":true,"href":"https:\/\/followtheyellowshell.com\/fr\/wp-json\/wp\/v2\/tags?post=7403"}],"curies":[{"name":"wp","href":"https:\/\/api.w.org\/{rel}","templated":true}]}}