{"id":467,"date":"2023-12-06T17:30:03","date_gmt":"2023-12-06T17:30:03","guid":{"rendered":"https:\/\/followtheyellowshell.com\/?p=467"},"modified":"2023-12-10T16:32:28","modified_gmt":"2023-12-10T16:32:28","slug":"burgos-a-hornillos-del-camino","status":"publish","type":"post","link":"https:\/\/followtheyellowshell.com\/fr\/burgos-a-hornillos-del-camino\/","title":{"rendered":"Le Chemin Fran\u00e7ais \u2013 Burgos \u00e0 Hornillos del Camino"},"content":{"rendered":"<div data-elementor-type=\"wp-post\" data-elementor-id=\"467\" class=\"elementor elementor-467\" data-elementor-post-type=\"post\">\n\t\t\t\t\t\t<section class=\"elementor-section elementor-top-section elementor-element elementor-element-8bbdeb2 elementor-section-boxed elementor-section-height-default elementor-section-height-default\" data-id=\"8bbdeb2\" data-element_type=\"section\" data-e-type=\"section\">\n\t\t\t\t\t\t<div class=\"elementor-container elementor-column-gap-default\">\n\t\t\t\t\t<div class=\"elementor-column elementor-col-100 elementor-top-column elementor-element elementor-element-de5b21d\" data-id=\"de5b21d\" data-element_type=\"column\" data-e-type=\"column\">\n\t\t\t<div class=\"elementor-widget-wrap elementor-element-populated\">\n\t\t\t\t\t\t<div class=\"elementor-element elementor-element-39f5357 elementor-widget elementor-widget-text-editor\" data-id=\"39f5357\" data-element_type=\"widget\" data-e-type=\"widget\" data-widget_type=\"text-editor.default\">\n\t\t\t\t<div class=\"elementor-widget-container\">\n\t\t\t\t\t\t\t\t\t<p>Apr\u00e8s la m\u00e9ga promenade d'hier \u00e0 Burgos, nous nous sommes r\u00e9gal\u00e9s<span style=\"font-style: inherit; color: var(--ast-global-color-3); background-color: var(--ast-global-color-4);\">\u00a0Hier soir, nous avons mang\u00e9 une pizza et je suis rentr\u00e9 directement \u00e0 l'h\u00f4tel pour dormir.<\/span><\/p><p>Au moment o\u00f9 j'ai pris ma douche, le p\u00e8lerin Bob ronflait \u00e0 tue-t\u00eate !<\/p><p>La promenade d'aujourd'hui va de Burgos \u00e0 Hornillos del Camino et nous m\u00e8ne au d\u00e9but de la meseta, les hautes plaines d'Espagne.<\/p>\t\t\t\t\t\t\t\t<\/div>\n\t\t\t\t<\/div>\n\t\t\t\t<div class=\"elementor-element elementor-element-30db6b5 elementor-widget elementor-widget-heading\" data-id=\"30db6b5\" data-element_type=\"widget\" data-e-type=\"widget\" data-widget_type=\"heading.default\">\n\t\t\t\t<div class=\"elementor-widget-container\">\n\t\t\t\t\t<h2 class=\"elementor-heading-title elementor-size-default\">Burgos \u00e0 Hornillos del Camino Aper\u00e7u<\/h2>\t\t\t\t<\/div>\n\t\t\t\t<\/div>\n\t\t\t\t<div class=\"elementor-element elementor-element-c243ab5 elementor-widget elementor-widget-text-editor\" data-id=\"c243ab5\" data-element_type=\"widget\" data-e-type=\"widget\" data-widget_type=\"text-editor.default\">\n\t\t\t\t<div class=\"elementor-widget-container\">\n\t\t\t\t\t\t\t\t\t<ul><li>Distance \u2013 22 km<\/li><li>De \u2013 Birgos<\/li><li>\u00c0 \u2013 Hornillos del Camino<\/li><li>Altitude min\/max \u2013 818m\/921m<\/li><li>D\u00e9nivel\u00e9 positif \u2013 154m<\/li><li>\u00c9tapes - 34 000<\/li><\/ul><p>Nous \u00e9tions lev\u00e9s et dehors \u00e0 7h30 et nous avons une journ\u00e9e plus courte pr\u00e9vue aujourd'hui de 22 km. Sur le Camino Franc\u00e9s, il faut faire quelques courtes journ\u00e9es de temps en temps, juste pour reconstituer vos forces.<\/p><p>Burgos est l'endroit id\u00e9al pour faire la f\u00eate, se d\u00e9fouler et se d\u00e9tendre.<\/p><p>Burgos est une ville charmante et je suis s\u00fbr \u00e0 100% que j&#x27;y retournerai pour un week-end ou m\u00eame pour refaire le Chemin fran\u00e7ais.<\/p><p>Nous nous sommes lev\u00e9s t\u00f4t encore et avons trouv\u00e9 le seul caf\u00e9 ouvert t\u00f4t le matin \u00e0 la gare routi\u00e8re et y sommes all\u00e9s pour le petit-d\u00e9jeuner.\u00a0<\/p><p>Nous avons eu ce qui ne peut \u00eatre d\u00e9crit que comme le plus gros morceau de pain grill\u00e9 surdimensionn\u00e9 que j'aie jamais vu.\u00a0<\/p><p>Le p\u00e8lerin Bob \u00e9tait au paradis.<\/p>\t\t\t\t\t\t\t\t<\/div>\n\t\t\t\t<\/div>\n\t\t\t\t<div class=\"elementor-element elementor-element-41c4770 elementor-widget elementor-widget-shortcode\" data-id=\"41c4770\" data-element_type=\"widget\" data-e-type=\"widget\" data-widget_type=\"shortcode.default\">\n\t\t\t\t<div class=\"elementor-widget-container\">\n\t\t\t\t\t\t\t<div class=\"elementor-shortcode\">                <div class=\"ml-embedded\" data-form=\"Q2XfYK\"><\/div>\n            <\/div>\n\t\t\t\t\t\t<\/div>\n\t\t\t\t<\/div>\n\t\t\t\t<div class=\"elementor-element elementor-element-44e9a53 elementor-widget elementor-widget-image\" data-id=\"44e9a53\" data-element_type=\"widget\" data-e-type=\"widget\" data-widget_type=\"image.default\">\n\t\t\t\t<div class=\"elementor-widget-container\">\n\t\t\t\t\t\t\t\t\t\t\t\t\t\t\t<img fetchpriority=\"high\" decoding=\"async\" width=\"1024\" height=\"1024\" src=\"https:\/\/i0.wp.com\/followtheyellowshell.com\/wp-content\/uploads\/2016\/05\/img_2611.jpg?fit=1024%2C1024&amp;ssl=1\" class=\"attachment-large size-large wp-image-469\" alt=\"toast sur le pas de la porte \u00e0 Burgos\" data-attachment-id=\"469\" data-permalink=\"https:\/\/followtheyellowshell.com\/fr\/img_2611\/\" data-orig-file=\"https:\/\/i0.wp.com\/followtheyellowshell.com\/wp-content\/uploads\/2016\/05\/img_2611.jpg?fit=1200%2C1200&amp;ssl=1\" data-orig-size=\"1200,1200\" data-comments-opened=\"1\" data-image-meta=\"{&quot;aperture&quot;:&quot;2.2&quot;,&quot;credit&quot;:&quot;&quot;,&quot;camera&quot;:&quot;iPhone 5s&quot;,&quot;caption&quot;:&quot;&quot;,&quot;created_timestamp&quot;:&quot;1463985804&quot;,&quot;copyright&quot;:&quot;&quot;,&quot;focal_length&quot;:&quot;4.15&quot;,&quot;iso&quot;:&quot;320&quot;,&quot;shutter_speed&quot;:&quot;0.03030303030303&quot;,&quot;title&quot;:&quot;&quot;,&quot;orientation&quot;:&quot;1&quot;}\" data-image-title=\"doorstep toast in Burgos\" data-image-description=\"&lt;p&gt;doorstep toast in Burgos&lt;\/p&gt;\" data-image-caption=\"&lt;p&gt;doorstep toast in Burgos&lt;\/p&gt;\" data-large-file=\"https:\/\/i0.wp.com\/followtheyellowshell.com\/wp-content\/uploads\/2016\/05\/img_2611.jpg?fit=1024%2C1024&amp;ssl=1\" \/>\t\t\t\t\t\t\t\t\t\t\t\t\t\t\t<\/div>\n\t\t\t\t<\/div>\n\t\t\t\t<div class=\"elementor-element elementor-element-72eaf99 elementor-widget elementor-widget-text-editor\" data-id=\"72eaf99\" data-element_type=\"widget\" data-e-type=\"widget\" data-widget_type=\"text-editor.default\">\n\t\t\t\t<div class=\"elementor-widget-container\">\n\t\t\t\t\t\t\t\t\t<p>Le toast \u00e9tait d\u00e9licieux mais nous avons d\u00fb remonter sur\u2018<strong>Le chemin<\/strong>\u2018et notre promenade nous a ramen\u00e9s devant la cath\u00e9drale de Burgos et nous avons eu un dernier aper\u00e7u de ce magnifique \u00e9difice.<\/p>\t\t\t\t\t\t\t\t<\/div>\n\t\t\t\t<\/div>\n\t\t\t\t<div class=\"elementor-element elementor-element-2f8af25 elementor-widget elementor-widget-image\" data-id=\"2f8af25\" data-element_type=\"widget\" data-e-type=\"widget\" data-widget_type=\"image.default\">\n\t\t\t\t<div class=\"elementor-widget-container\">\n\t\t\t\t\t\t\t\t\t\t\t\t\t\t\t<img decoding=\"async\" width=\"768\" height=\"1024\" src=\"https:\/\/i0.wp.com\/followtheyellowshell.com\/wp-content\/uploads\/2016\/05\/img_2612-1.jpg?fit=768%2C1024&amp;ssl=1\" class=\"attachment-large size-large wp-image-474\" alt=\"Cath\u00e9drale de Burgos le matin\" data-attachment-id=\"474\" data-permalink=\"https:\/\/followtheyellowshell.com\/fr\/img_2612-1\/\" data-orig-file=\"https:\/\/i0.wp.com\/followtheyellowshell.com\/wp-content\/uploads\/2016\/05\/img_2612-1.jpg?fit=1200%2C1600&amp;ssl=1\" data-orig-size=\"1200,1600\" data-comments-opened=\"1\" data-image-meta=\"{&quot;aperture&quot;:&quot;2.2&quot;,&quot;credit&quot;:&quot;&quot;,&quot;camera&quot;:&quot;iPhone 5s&quot;,&quot;caption&quot;:&quot;&quot;,&quot;created_timestamp&quot;:&quot;1463988129&quot;,&quot;copyright&quot;:&quot;&quot;,&quot;focal_length&quot;:&quot;4.15&quot;,&quot;iso&quot;:&quot;32&quot;,&quot;shutter_speed&quot;:&quot;0.0062111801242236&quot;,&quot;title&quot;:&quot;&quot;,&quot;orientation&quot;:&quot;1&quot;}\" data-image-title=\"Burgos cathedral in the morning\" data-image-description=\"&lt;p&gt;Burgos cathedral in the morning&lt;\/p&gt;\" data-image-caption=\"&lt;p&gt;Burgos cathedral in the morning&lt;\/p&gt;\" data-large-file=\"https:\/\/i0.wp.com\/followtheyellowshell.com\/wp-content\/uploads\/2016\/05\/img_2612-1.jpg?fit=768%2C1024&amp;ssl=1\" \/>\t\t\t\t\t\t\t\t\t\t\t\t\t\t\t<\/div>\n\t\t\t\t<\/div>\n\t\t\t\t<div class=\"elementor-element elementor-element-a0f47e1 elementor-widget elementor-widget-text-editor\" data-id=\"a0f47e1\" data-element_type=\"widget\" data-e-type=\"widget\" data-widget_type=\"text-editor.default\">\n\t\t\t\t<div class=\"elementor-widget-container\">\n\t\t\t\t\t\t\t\t\t<p>Nous sommes partis et avons march\u00e9 vers la p\u00e9riph\u00e9rie de Burgos. J'attendais avec impatience la statue du p\u00e8lerin \u00e0 la sortie de la ville, puis de descendre le parc bord\u00e9 d'arbres o\u00f9 l'une des sc\u00e8nes c\u00e9l\u00e8bres de \u2018<strong><a href=\"https:\/\/www.amazon.com\/Way-Emilio-Estevez\/dp\/B0062VL4QA?keywords=the+way&amp;qid=1701883952&amp;sr=8-6&amp;linkCode=ll1&amp;tag=followtheye00-20&amp;linkId=cbefbae230f5537bf967c3f5276c7eb2&amp;language=en_US&amp;ref_=as_li_ss_tl\" target=\"_blank\" rel=\"noopener\">Le chemin<\/a><\/strong>\u2018a \u00e9t\u00e9 film\u00e9.\u00a0<\/p><p>La \u2018 sc\u00e8ne \u2019 du film se d\u00e9roulait le lendemain du vol du sac \u00e0 dos de Martin Sheen et alors qu'il \u00e9tait raccompagn\u00e9 \u00e0 la sortie de la ville par le p\u00e8re du gar\u00e7on qui avait vol\u00e9 le sac \u00e0 dos.\u00a0<\/p><p>On s'en souvient tous, n'est-ce pas ?<\/p><p>Cela n'a pas d\u00e9\u00e7u et avec le soleil du petit matin, c'\u00e9tait un souvenir magnifique. Nous avons \u00e9t\u00e9 photographi\u00e9s par d'autres p\u00e8lerins et avons long\u00e9 le chemin bord\u00e9 d'arbres jusqu'\u00e0 la sortie de la ville.<\/p><p>As-tu eu ton <strong><a href=\"https:\/\/followtheyellowshell.com\/fr\/passeport-du-pelerin-du-camino\/\">Passeport du p\u00e8lerin du Camino<\/a><\/strong> pr\u00eat pour votre p\u00e8lerinage ?<\/p>\t\t\t\t\t\t\t\t<\/div>\n\t\t\t\t<\/div>\n\t\t\t\t<div class=\"elementor-element elementor-element-caa91e2 elementor-widget elementor-widget-image\" data-id=\"caa91e2\" data-element_type=\"widget\" data-e-type=\"widget\" data-widget_type=\"image.default\">\n\t\t\t\t<div class=\"elementor-widget-container\">\n\t\t\t\t\t\t\t\t\t\t\t\t\t\t\t<img decoding=\"async\" width=\"1024\" height=\"768\" src=\"https:\/\/i0.wp.com\/followtheyellowshell.com\/wp-content\/uploads\/2016\/05\/img_2614.jpg?fit=1024%2C768&amp;ssl=1\" class=\"attachment-large size-large wp-image-466\" alt=\"Statue du p\u00e8lerin \u00e0 Burgos\" data-attachment-id=\"466\" data-permalink=\"https:\/\/followtheyellowshell.com\/fr\/img_2614\/\" data-orig-file=\"https:\/\/i0.wp.com\/followtheyellowshell.com\/wp-content\/uploads\/2016\/05\/img_2614.jpg?fit=1600%2C1200&amp;ssl=1\" data-orig-size=\"1600,1200\" data-comments-opened=\"1\" data-image-meta=\"{&quot;aperture&quot;:&quot;2.2&quot;,&quot;credit&quot;:&quot;&quot;,&quot;camera&quot;:&quot;iPhone 5s&quot;,&quot;caption&quot;:&quot;&quot;,&quot;created_timestamp&quot;:&quot;1463989272&quot;,&quot;copyright&quot;:&quot;&quot;,&quot;focal_length&quot;:&quot;4.15&quot;,&quot;iso&quot;:&quot;32&quot;,&quot;shutter_speed&quot;:&quot;0.02&quot;,&quot;title&quot;:&quot;&quot;,&quot;orientation&quot;:&quot;1&quot;}\" data-image-title=\"Pilgrim statue in Burgos\" data-image-description=\"&lt;p&gt;Pilgrim statue in Burgos&lt;\/p&gt;\" data-image-caption=\"&lt;p&gt;Pilgrim statue in Burgos&lt;\/p&gt;\" data-large-file=\"https:\/\/i0.wp.com\/followtheyellowshell.com\/wp-content\/uploads\/2016\/05\/img_2614.jpg?fit=1024%2C768&amp;ssl=1\" \/>\t\t\t\t\t\t\t\t\t\t\t\t\t\t\t<\/div>\n\t\t\t\t<\/div>\n\t\t\t\t<div class=\"elementor-element elementor-element-5579e0c elementor-widget elementor-widget-image\" data-id=\"5579e0c\" data-element_type=\"widget\" data-e-type=\"widget\" data-widget_type=\"image.default\">\n\t\t\t\t<div class=\"elementor-widget-container\">\n\t\t\t\t\t\t\t\t\t\t\t\t\t\t\t<img loading=\"lazy\" decoding=\"async\" width=\"768\" height=\"1024\" src=\"https:\/\/i0.wp.com\/followtheyellowshell.com\/wp-content\/uploads\/2016\/05\/img_2615.jpg?fit=768%2C1024&amp;ssl=1\" class=\"attachment-large size-large wp-image-465\" alt=\"Parc bord\u00e9 d&#039;arbres \u00e0 Burgos\" data-attachment-id=\"465\" data-permalink=\"https:\/\/followtheyellowshell.com\/fr\/img_2615\/\" data-orig-file=\"https:\/\/i0.wp.com\/followtheyellowshell.com\/wp-content\/uploads\/2016\/05\/img_2615.jpg?fit=1200%2C1600&amp;ssl=1\" data-orig-size=\"1200,1600\" data-comments-opened=\"1\" data-image-meta=\"{&quot;aperture&quot;:&quot;2.2&quot;,&quot;credit&quot;:&quot;&quot;,&quot;camera&quot;:&quot;iPhone 5s&quot;,&quot;caption&quot;:&quot;&quot;,&quot;created_timestamp&quot;:&quot;1463989789&quot;,&quot;copyright&quot;:&quot;&quot;,&quot;focal_length&quot;:&quot;4.15&quot;,&quot;iso&quot;:&quot;50&quot;,&quot;shutter_speed&quot;:&quot;0.03030303030303&quot;,&quot;title&quot;:&quot;&quot;,&quot;orientation&quot;:&quot;1&quot;}\" data-image-title=\"tree lined park in Burgos\" data-image-description=\"&lt;p&gt;tree lined park in Burgos&lt;\/p&gt;\" data-image-caption=\"&lt;p&gt;tree lined park in Burgos&lt;\/p&gt;\" data-large-file=\"https:\/\/i0.wp.com\/followtheyellowshell.com\/wp-content\/uploads\/2016\/05\/img_2615.jpg?fit=768%2C1024&amp;ssl=1\" \/>\t\t\t\t\t\t\t\t\t\t\t\t\t\t\t<\/div>\n\t\t\t\t<\/div>\n\t\t\t\t<div class=\"elementor-element elementor-element-adefa27 elementor-widget elementor-widget-text-editor\" data-id=\"adefa27\" data-element_type=\"widget\" data-e-type=\"widget\" data-widget_type=\"text-editor.default\">\n\t\t\t\t<div class=\"elementor-widget-container\">\n\t\t\t\t\t\t\t\t\t<p>Nous nous sommes arr\u00eat\u00e9s pour prendre un caf\u00e9 con Leche (encore) puis nous avons grimp\u00e9 pour nous diriger vers la Meseta.\u00a0<\/p><p>Cette section du chemin de Compostelle traverse de multiples champs de bl\u00e9 et il fait diablement chaud et cela dure de nombreux jours.\u00a0<\/p><p>C'est la partie la plus difficile de la <strong><a href=\"https:\/\/followtheyellowshell.com\/fr\/camino-frances\/\">Camino Frances<\/a><\/strong> \u00e0 mon avis, surtout d'un point de vue mental.<\/p><p><span style=\"font-style: inherit; color: var(--ast-global-color-3); background-color: var(--ast-global-color-4);\">Nous nous sommes arr\u00eat\u00e9s \u00e0 l'ombre pour une baguette tomate, fromage et sardines faite maison. Magnifique ! Pour quelques euros, vous pouvez acheter votre d\u00e9jeuner et les sardines sont une excellente source de prot\u00e9ines.<\/span><\/p><p><span style=\"background-color: var(--ast-global-color-4);\"><span style=\"color: var(--ast-global-color-3); font-style: inherit;\">Sur les 28 jours de marche de Saint Jean Pied de Port \u00e0 Sant<\/span>Iago<span style=\"color: var(--ast-global-color-3); font-style: inherit;\">\u00a0Compostelle, nous avons eu ce d\u00e9jeuner pendant environ 20 jours. C'est bon march\u00e9, charmant et formidable \u00e0 manger au bord de la route, \u00e0 l'ombre.<\/span><\/span><\/p><p><span style=\"background-color: var(--ast-global-color-4);\"><span style=\"color: var(--ast-global-color-3); font-style: inherit;\">Jetez un coup d'\u0153il \u00e0 mon <strong><a href=\"https:\/\/followtheyellowshell.com\/fr\/cadeaux-pour-les-pelerins-du-camino-de-santiago\/\">Guide des cadeaux abordables pour le Chemin de Saint-Jacques<\/a><\/strong> pour le p\u00e8lerin dans votre vie, avec quelques cadeaux pratiques pour rendre son chemin de Compostelle\u00a0<\/span>agr\u00e9able<span style=\"color: var(--ast-global-color-3); font-style: inherit;\">\u00a0exp\u00e9rience.<\/span><\/span><\/p>\t\t\t\t\t\t\t\t<\/div>\n\t\t\t\t<\/div>\n\t\t\t\t<div class=\"elementor-element elementor-element-59f3e56 elementor-widget elementor-widget-image\" data-id=\"59f3e56\" data-element_type=\"widget\" data-e-type=\"widget\" data-widget_type=\"image.default\">\n\t\t\t\t<div class=\"elementor-widget-container\">\n\t\t\t\t\t\t\t\t\t\t\t\t\t\t\t<img loading=\"lazy\" decoding=\"async\" width=\"1024\" height=\"768\" src=\"https:\/\/i0.wp.com\/followtheyellowshell.com\/wp-content\/uploads\/2016\/05\/img_2616.jpg?fit=1024%2C768&amp;ssl=1\" class=\"attachment-large size-large wp-image-468\" alt=\"sandwich sardine et fromage sur le Camino Franc\u00e9s\" data-attachment-id=\"468\" data-permalink=\"https:\/\/followtheyellowshell.com\/fr\/img_2616\/\" data-orig-file=\"https:\/\/i0.wp.com\/followtheyellowshell.com\/wp-content\/uploads\/2016\/05\/img_2616.jpg?fit=1600%2C1200&amp;ssl=1\" data-orig-size=\"1600,1200\" data-comments-opened=\"1\" data-image-meta=\"{&quot;aperture&quot;:&quot;2.2&quot;,&quot;credit&quot;:&quot;&quot;,&quot;camera&quot;:&quot;iPhone 5s&quot;,&quot;caption&quot;:&quot;&quot;,&quot;created_timestamp&quot;:&quot;1464000513&quot;,&quot;copyright&quot;:&quot;&quot;,&quot;focal_length&quot;:&quot;4.15&quot;,&quot;iso&quot;:&quot;32&quot;,&quot;shutter_speed&quot;:&quot;0.0018518518518519&quot;,&quot;title&quot;:&quot;&quot;,&quot;orientation&quot;:&quot;1&quot;}\" data-image-title=\"sardine and cheese sandwich on the Camino Frances\" data-image-description=\"&lt;p&gt;sardine and cheese sandwich on the Camino Frances&lt;\/p&gt;\" data-image-caption=\"&lt;p&gt;sardine and cheese sandwich on the Camino Frances&lt;\/p&gt;\" data-large-file=\"https:\/\/i0.wp.com\/followtheyellowshell.com\/wp-content\/uploads\/2016\/05\/img_2616.jpg?fit=1024%2C768&amp;ssl=1\" \/>\t\t\t\t\t\t\t\t\t\t\t\t\t\t\t<\/div>\n\t\t\t\t<\/div>\n\t\t\t\t<div class=\"elementor-element elementor-element-6dd7096 elementor-cta--layout-image-left elementor-cta--tablet-layout-image-above elementor-cta--skin-classic elementor-animated-content elementor-bg-transform elementor-bg-transform-zoom-in elementor-widget elementor-widget-call-to-action\" data-id=\"6dd7096\" data-element_type=\"widget\" data-e-type=\"widget\" data-widget_type=\"call-to-action.default\">\n\t\t\t\t<div class=\"elementor-widget-container\">\n\t\t\t\t\t\t\t<div class=\"elementor-cta\">\n\t\t\t\t\t<div class=\"elementor-cta__bg-wrapper\">\n\t\t\t\t<div class=\"elementor-cta__bg elementor-bg\" style=\"background-image: url(https:\/\/i0.wp.com\/followtheyellowshell.com\/wp-content\/uploads\/2023\/04\/s-road-camino-santiago-1180774.jpg?fit=1024%2C768&#038;ssl=1);\" role=\"img\" aria-label=\"p\u00e8lerins, chemin de santiago, camino santiago-1180774.jpg\"><\/div>\n\t\t\t\t<div class=\"elementor-cta__bg-overlay\"><\/div>\n\t\t\t<\/div>\n\t\t\t\t\t\t\t<div class=\"elementor-cta__content\">\n\t\t\t\t\n\t\t\t\t\t\t\t\t\t<h2 class=\"elementor-cta__title elementor-cta__content-item elementor-content-item\">\n\t\t\t\t\t\tConseils pour les p\u00e8lerins qui marchent sur le Camino\t\t\t\t\t<\/h2>\n\t\t\t\t\n\t\t\t\t\t\t\t\t\t<div class=\"elementor-cta__description elementor-cta__content-item elementor-content-item\">\n\t\t\t\t\t\t40 conseils \u00e9tonnants pour faire de votre p\u00e8lerinage sur le Camino un succ\u00e8s\t\t\t\t\t<\/div>\n\t\t\t\t\n\t\t\t\t\t\t\t\t\t<div class=\"elementor-cta__button-wrapper elementor-cta__content-item elementor-content-item\">\n\t\t\t\t\t<a class=\"elementor-cta__button elementor-button elementor-size-\" href=\"https:\/\/followtheyellowshell.com\/fr\/marcher-sur-le-chemin-du-camino-de-santiago\/\">\n\t\t\t\t\t\tLire l'article\t\t\t\t\t<\/a>\n\t\t\t\t\t<\/div>\n\t\t\t\t\t\t\t<\/div>\n\t\t\t\t\t\t<\/div>\n\t\t\t\t\t\t<\/div>\n\t\t\t\t<\/div>\n\t\t\t\t<div class=\"elementor-element elementor-element-1064252 elementor-widget elementor-widget-text-editor\" data-id=\"1064252\" data-element_type=\"widget\" data-e-type=\"widget\" data-widget_type=\"text-editor.default\">\n\t\t\t\t<div class=\"elementor-widget-container\">\n\t\t\t\t\t\t\t\t\t<p>Le voyage d'aujourd'hui de Burgos \u00e0 Hornillos del Camino \u00e9tait court, 22 km, et ce fut un v\u00e9ritable don du ciel car nous avons \u00e0 peine r\u00e9ussi \u00e0 entrer dans le <strong><a href=\"http:\/\/www.elalfardehornillos.es\" target=\"_blank\" rel=\"noopener\">Albergue El Alfar de Hornillos<\/a><\/strong> .<\/p><p>Il semble que beaucoup de gens aient commenc\u00e9 leur Chemin \u00e0 Burgos et qu'il y ait de plus en plus de p\u00e8lerins sur le Chemin.<\/p><p>Le pr\u00e9sent <strong><a href=\"https:\/\/followtheyellowshell.com\/fr\/albergues-on-el-camino-de-santiago\/\">Albergue<\/a><\/strong> s'est av\u00e9r\u00e9 \u00eatre tr\u00e8s bon et dispose d'une cuisine et d'une buanderie.\u00a0<\/p><p>Nous avons fait notre lessive et avons d\u00e9cid\u00e9 de pr\u00e9parer notre propre d\u00eener. Pilgrim Bob \u00e9tait le chef pour la nuit.<\/p><p>Nous avions lu des histoires avant notre Camino sur la disponibilit\u00e9 des cuisines et la possibilit\u00e9 de pr\u00e9parer un d\u00eener pour un grand groupe de personnes et c'est quelque chose que Bob le p\u00e8lerin voulait vraiment faire.<\/p><p>Malheureusement, il n'y avait pas d'autres p\u00e8lerins \u00e0 qui pr\u00e9parer le d\u00eener, car ils \u00e9taient tous en groupe, mais nous avons fait avec. Nous nous sommes approvisionn\u00e9s dans une petite \u00e9picerie en face de l'Albergue.<\/p><p>H<span style=\"background-color: var(--ast-global-color-4);\"><span style=\"color: var(--ast-global-color-3); font-style: inherit;\">nous a pr\u00e9par\u00e9 un excellent plat de p\u00e2tes accompagn\u00e9 d'un vin rouge local et tout cela pour quelques euros. Nous avons eu une fantastique auberge de p\u00e8lerins<\/span>exp\u00e9rience<span style=\"color: var(--ast-global-color-3); font-style: inherit;\">\u00a0sur le Chemin dans ce village. Nous avons m\u00eame ouvert un\u00a0<\/span>deuxi\u00e8me<span style=\"color: var(--ast-global-color-3); font-style: inherit;\">\u00a0bouteille.<\/span><\/span><\/p><p><span style=\"background-color: var(--ast-global-color-4);\"><span style=\"color: var(--ast-global-color-3); font-style: inherit;\">Hornillos del Camino est un tout petit.\u00a0<\/span><\/span>bar\/une boutique village accessible facilement mais un endroit agr\u00e9able o\u00f9 s'arr\u00eater.<\/p>\t\t\t\t\t\t\t\t<\/div>\n\t\t\t\t<\/div>\n\t\t\t\t<div class=\"elementor-element elementor-element-993f192 elementor-widget elementor-widget-image\" data-id=\"993f192\" data-element_type=\"widget\" data-e-type=\"widget\" data-widget_type=\"image.default\">\n\t\t\t\t<div class=\"elementor-widget-container\">\n\t\t\t\t\t\t\t\t\t\t\t\t\t\t\t<img loading=\"lazy\" decoding=\"async\" width=\"1024\" height=\"768\" src=\"https:\/\/i0.wp.com\/followtheyellowshell.com\/wp-content\/uploads\/2016\/05\/img_2617.jpg?fit=1024%2C768&amp;ssl=1\" class=\"attachment-large size-large wp-image-471\" alt=\"plat de p\u00e2tes dans une auberge\" data-attachment-id=\"471\" data-permalink=\"https:\/\/followtheyellowshell.com\/fr\/img_2617\/\" data-orig-file=\"https:\/\/i0.wp.com\/followtheyellowshell.com\/wp-content\/uploads\/2016\/05\/img_2617.jpg?fit=1600%2C1200&amp;ssl=1\" data-orig-size=\"1600,1200\" data-comments-opened=\"1\" data-image-meta=\"{&quot;aperture&quot;:&quot;2.2&quot;,&quot;credit&quot;:&quot;&quot;,&quot;camera&quot;:&quot;iPhone 5s&quot;,&quot;caption&quot;:&quot;&quot;,&quot;created_timestamp&quot;:&quot;1464017799&quot;,&quot;copyright&quot;:&quot;&quot;,&quot;focal_length&quot;:&quot;4.15&quot;,&quot;iso&quot;:&quot;125&quot;,&quot;shutter_speed&quot;:&quot;0.03030303030303&quot;,&quot;title&quot;:&quot;&quot;,&quot;orientation&quot;:&quot;1&quot;}\" data-image-title=\"pasta dish in an albergue\" data-image-description=\"&lt;p&gt;pasta dish in an albergue&lt;\/p&gt;\" data-image-caption=\"&lt;p&gt;pasta dish in an albergue&lt;\/p&gt;\" data-large-file=\"https:\/\/i0.wp.com\/followtheyellowshell.com\/wp-content\/uploads\/2016\/05\/img_2617.jpg?fit=1024%2C768&amp;ssl=1\" \/>\t\t\t\t\t\t\t\t\t\t\t\t\t\t\t<\/div>\n\t\t\t\t<\/div>\n\t\t\t\t<div class=\"elementor-element elementor-element-63b0f39 elementor-widget elementor-widget-shortcode\" data-id=\"63b0f39\" data-element_type=\"widget\" data-e-type=\"widget\" data-widget_type=\"shortcode.default\">\n\t\t\t\t<div class=\"elementor-widget-container\">\n\t\t\t\t\t\t\t<div class=\"elementor-shortcode\">                <div class=\"ml-embedded\" data-form=\"rKuy7q\"><\/div>\n            <\/div>\n\t\t\t\t\t\t<\/div>\n\t\t\t\t<\/div>\n\t\t\t\t<div class=\"elementor-element elementor-element-31fbbb7 elementor-widget elementor-widget-heading\" data-id=\"31fbbb7\" data-element_type=\"widget\" data-e-type=\"widget\" data-widget_type=\"heading.default\">\n\t\t\t\t<div class=\"elementor-widget-container\">\n\t\t\t\t\t<h2 class=\"elementor-heading-title elementor-size-default\">H\u00e9bergement \u00e0 Hornillos del Camino<\/h2>\t\t\t\t<\/div>\n\t\t\t\t<\/div>\n\t\t\t\t<div class=\"elementor-element elementor-element-5b7f566 elementor-widget elementor-widget-text-editor\" data-id=\"5b7f566\" data-element_type=\"widget\" data-e-type=\"widget\" data-widget_type=\"text-editor.default\">\n\t\t\t\t<div class=\"elementor-widget-container\">\n\t\t\t\t\t\t\t\t\t<p>Hornillos del Camino est un village vraiment petit avec des options d'h\u00e9bergement limit\u00e9es. Ma recommandation si vous vous arr\u00eatez ici est de partir t\u00f4t le matin et d'arriver juste apr\u00e8s le d\u00e9jeuner.<\/p><p>Vous pourrez ensuite vous d\u00e9tendre pour le reste de la journ\u00e9e et discuter avec d'autres p\u00e8lerins sur le Chemin.<\/p>\t\t\t\t\t\t\t\t<\/div>\n\t\t\t\t<\/div>\n\t\t\t\t\t<\/div>\n\t\t<\/div>\n\t\t\t\t\t<\/div>\n\t\t<\/section>\n\t\t\t\t<section class=\"elementor-section elementor-top-section elementor-element elementor-element-59f304e0 elementor-section-boxed elementor-section-height-default elementor-section-height-default\" data-id=\"59f304e0\" data-element_type=\"section\" data-e-type=\"section\" data-settings=\"{&quot;background_background&quot;:&quot;classic&quot;}\">\n\t\t\t\t\t\t<div class=\"elementor-container elementor-column-gap-default\">\n\t\t\t\t\t<div class=\"elementor-column elementor-col-66 elementor-top-column elementor-element elementor-element-43f15c31\" data-id=\"43f15c31\" data-element_type=\"column\" data-e-type=\"column\">\n\t\t\t<div class=\"elementor-widget-wrap elementor-element-populated\">\n\t\t\t\t\t\t<div class=\"elementor-element elementor-element-7d223c54 elementor-widget elementor-widget-text-editor\" data-id=\"7d223c54\" data-element_type=\"widget\" data-e-type=\"widget\" data-widget_type=\"text-editor.default\">\n\t\t\t\t<div class=\"elementor-widget-container\">\n\t\t\t\t\t\t\t\t\t<p><strong>Albergue El Alfar de Hornillos<\/strong><\/p>\t\t\t\t\t\t\t\t<\/div>\n\t\t\t\t<\/div>\n\t\t\t\t<div class=\"elementor-element elementor-element-039f75c elementor-widget elementor-widget-text-editor\" data-id=\"039f75c\" data-element_type=\"widget\" data-e-type=\"widget\" data-widget_type=\"text-editor.default\">\n\t\t\t\t<div class=\"elementor-widget-container\">\n\t\t\t\t\t\t\t\t\t<ul><li>20 lits (3 chambres)<\/li><li>Chambre dortoir (pour 4, 6, 10 personnes)<\/li><li>13 \u20ac par personne<\/li><li>Salle \u00e0 manger, restaurant, distributeur automatique<\/li><li>Salle de bain partag\u00e9e<\/li><\/ul>\t\t\t\t\t\t\t\t<\/div>\n\t\t\t\t<\/div>\n\t\t\t\t\t<\/div>\n\t\t<\/div>\n\t\t\t\t<div class=\"elementor-column elementor-col-33 elementor-top-column elementor-element elementor-element-2f217423\" data-id=\"2f217423\" data-element_type=\"column\" data-e-type=\"column\">\n\t\t\t<div class=\"elementor-widget-wrap elementor-element-populated\">\n\t\t\t\t\t\t<div class=\"elementor-element elementor-element-5b4147b elementor-widget elementor-widget-text-editor\" data-id=\"5b4147b\" data-element_type=\"widget\" data-e-type=\"widget\" data-widget_type=\"text-editor.default\">\n\t\t\t\t<div class=\"elementor-widget-container\">\n\t\t\t\t\t\t\t\t\t<p>+34 619 235 930<\/p><p>Appelez pour r\u00e9server<\/p>\t\t\t\t\t\t\t\t<\/div>\n\t\t\t\t<\/div>\n\t\t\t\t<div class=\"elementor-element elementor-element-c30b063 elementor-widget elementor-widget-button\" data-id=\"c30b063\" data-element_type=\"widget\" data-e-type=\"widget\" data-widget_type=\"button.default\">\n\t\t\t\t<div class=\"elementor-widget-container\">\n\t\t\t\t\t\t\t\t\t<div class=\"elementor-button-wrapper\">\n\t\t\t\t\t<a class=\"elementor-button elementor-button-link elementor-size-sm\" href=\"http:\/\/www.elalfardehornillos.es\" target=\"_blank\" rel=\"noopener\">\n\t\t\t\t\t\t<span class=\"elementor-button-content-wrapper\">\n\t\t\t\t\t\t\t\t\t<span class=\"elementor-button-text\">Site web<\/span>\n\t\t\t\t\t<\/span>\n\t\t\t\t\t<\/a>\n\t\t\t\t<\/div>\n\t\t\t\t\t\t\t\t<\/div>\n\t\t\t\t<\/div>\n\t\t\t\t\t<\/div>\n\t\t<\/div>\n\t\t\t\t\t<\/div>\n\t\t<\/section>\n\t\t\t\t<section class=\"elementor-section elementor-top-section elementor-element elementor-element-39445a09 elementor-section-boxed elementor-section-height-default elementor-section-height-default\" data-id=\"39445a09\" data-element_type=\"section\" data-e-type=\"section\" data-settings=\"{&quot;background_background&quot;:&quot;classic&quot;}\">\n\t\t\t\t\t\t<div class=\"elementor-container elementor-column-gap-default\">\n\t\t\t\t\t<div class=\"elementor-column elementor-col-66 elementor-top-column elementor-element elementor-element-627922be\" data-id=\"627922be\" data-element_type=\"column\" data-e-type=\"column\">\n\t\t\t<div class=\"elementor-widget-wrap elementor-element-populated\">\n\t\t\t\t\t\t<div class=\"elementor-element elementor-element-24b94fcc elementor-widget elementor-widget-text-editor\" data-id=\"24b94fcc\" data-element_type=\"widget\" data-e-type=\"widget\" data-widget_type=\"text-editor.default\">\n\t\t\t\t<div class=\"elementor-widget-container\">\n\t\t\t\t\t\t\t\t\t<p><strong>Albergue de Peregrinos de Hornillos del Camino<\/strong><\/p>\t\t\t\t\t\t\t\t<\/div>\n\t\t\t\t<\/div>\n\t\t\t\t<div class=\"elementor-element elementor-element-1336abf elementor-widget elementor-widget-text-editor\" data-id=\"1336abf\" data-element_type=\"widget\" data-e-type=\"widget\" data-widget_type=\"text-editor.default\">\n\t\t\t\t<div class=\"elementor-widget-container\">\n\t\t\t\t\t\t\t\t\t<ul><li>32 Lits<\/li><li>8 \u20ac par personne, 3 chambres<\/li><li>Commodit\u00e9s - salles de bains communes<\/li><li>Ouvert toute l'ann\u00e9e<\/li><\/ul>\t\t\t\t\t\t\t\t<\/div>\n\t\t\t\t<\/div>\n\t\t\t\t\t<\/div>\n\t\t<\/div>\n\t\t\t\t<div class=\"elementor-column elementor-col-33 elementor-top-column elementor-element elementor-element-383ec8f2\" data-id=\"383ec8f2\" data-element_type=\"column\" data-e-type=\"column\">\n\t\t\t<div class=\"elementor-widget-wrap elementor-element-populated\">\n\t\t\t\t\t\t<div class=\"elementor-element elementor-element-101cc3c elementor-widget elementor-widget-text-editor\" data-id=\"101cc3c\" data-element_type=\"widget\" data-e-type=\"widget\" data-widget_type=\"text-editor.default\">\n\t\t\t\t<div class=\"elementor-widget-container\">\n\t\t\t\t\t\t\t\t\t<p>+34 619 235 930<\/p>\t\t\t\t\t\t\t\t<\/div>\n\t\t\t\t<\/div>\n\t\t\t\t<div class=\"elementor-element elementor-element-71b729e9 elementor-widget__width-inherit elementor-align-center elementor-widget elementor-widget-button\" data-id=\"71b729e9\" data-element_type=\"widget\" data-e-type=\"widget\" data-widget_type=\"button.default\">\n\t\t\t\t<div class=\"elementor-widget-container\">\n\t\t\t\t\t\t\t\t\t<div class=\"elementor-button-wrapper\">\n\t\t\t\t\t<a class=\"elementor-button elementor-size-sm\" role=\"button\">\n\t\t\t\t\t\t<span class=\"elementor-button-content-wrapper\">\n\t\t\t\t\t\t\t\t\t<span class=\"elementor-button-text\">Appelez pour r\u00e9server<\/span>\n\t\t\t\t\t<\/span>\n\t\t\t\t\t<\/a>\n\t\t\t\t<\/div>\n\t\t\t\t\t\t\t\t<\/div>\n\t\t\t\t<\/div>\n\t\t\t\t\t<\/div>\n\t\t<\/div>\n\t\t\t\t\t<\/div>\n\t\t<\/section>\n\t\t\t\t<section class=\"elementor-section elementor-top-section elementor-element elementor-element-222c59a5 elementor-section-boxed elementor-section-height-default elementor-section-height-default\" data-id=\"222c59a5\" data-element_type=\"section\" data-e-type=\"section\" data-settings=\"{&quot;background_background&quot;:&quot;classic&quot;}\">\n\t\t\t\t\t\t<div class=\"elementor-container elementor-column-gap-default\">\n\t\t\t\t\t<div class=\"elementor-column elementor-col-66 elementor-top-column elementor-element elementor-element-2e4f6773\" data-id=\"2e4f6773\" data-element_type=\"column\" data-e-type=\"column\">\n\t\t\t<div class=\"elementor-widget-wrap elementor-element-populated\">\n\t\t\t\t\t\t<div class=\"elementor-element elementor-element-3d6c8351 elementor-widget elementor-widget-text-editor\" data-id=\"3d6c8351\" data-element_type=\"widget\" data-e-type=\"widget\" data-widget_type=\"text-editor.default\">\n\t\t\t\t<div class=\"elementor-widget-container\">\n\t\t\t\t\t\t\t\t\t<p><strong>Maison de Soleil \u00e0 Soleil<\/strong><\/p>\t\t\t\t\t\t\t\t<\/div>\n\t\t\t\t<\/div>\n\t\t\t\t<div class=\"elementor-element elementor-element-a2f4895 elementor-widget elementor-widget-text-editor\" data-id=\"a2f4895\" data-element_type=\"widget\" data-e-type=\"widget\" data-widget_type=\"text-editor.default\">\n\t\t\t\t<div class=\"elementor-widget-container\">\n\t\t\t\t\t\t\t\t\t<ul><li><span style=\"font-style: inherit; background-color: var( --e-global-color-astglobalcolor5 ); color: var(--ast-global-color-3);\">7 pi\u00e8ces<\/span><\/li><li><span style=\"font-style: inherit; background-color: var( --e-global-color-astglobalcolor5 ); color: var(--ast-global-color-3);\">Simple \u00e0 partir de 35 \u20ac, Double \u00e0 partir de 50 \u20ac<\/span><\/li><li>\u00c9quipements \u2013 salles de bains privatives<\/li><li>Ouvert toute l'ann\u00e9e<\/li><\/ul>\t\t\t\t\t\t\t\t<\/div>\n\t\t\t\t<\/div>\n\t\t\t\t\t<\/div>\n\t\t<\/div>\n\t\t\t\t<div class=\"elementor-column elementor-col-33 elementor-top-column elementor-element elementor-element-32f0ed04\" data-id=\"32f0ed04\" data-element_type=\"column\" data-e-type=\"column\">\n\t\t\t<div class=\"elementor-widget-wrap elementor-element-populated\">\n\t\t\t\t\t\t<div class=\"elementor-element elementor-element-2e966ace elementor-widget elementor-widget-image\" data-id=\"2e966ace\" data-element_type=\"widget\" data-e-type=\"widget\" data-widget_type=\"image.default\">\n\t\t\t\t<div class=\"elementor-widget-container\">\n\t\t\t\t\t\t\t\t\t\t\t\t\t\t\t<img loading=\"lazy\" decoding=\"async\" width=\"120\" height=\"20\" src=\"https:\/\/i0.wp.com\/followtheyellowshell.com\/wp-content\/uploads\/2022\/08\/120px-Booking.com_logo.png?fit=120%2C20&amp;ssl=1\" class=\"attachment-large size-large wp-image-6725\" alt=\"Logo de la r\u00e9servation\" data-attachment-id=\"6725\" data-permalink=\"https:\/\/followtheyellowshell.com\/fr\/camino-frances-jour-2\/120px-booking-com_logo\/\" data-orig-file=\"https:\/\/i0.wp.com\/followtheyellowshell.com\/wp-content\/uploads\/2022\/08\/120px-Booking.com_logo.png?fit=120%2C20&amp;ssl=1\" data-orig-size=\"120,20\" data-comments-opened=\"1\" data-image-meta=\"{&quot;aperture&quot;:&quot;0&quot;,&quot;credit&quot;:&quot;&quot;,&quot;camera&quot;:&quot;&quot;,&quot;caption&quot;:&quot;&quot;,&quot;created_timestamp&quot;:&quot;0&quot;,&quot;copyright&quot;:&quot;&quot;,&quot;focal_length&quot;:&quot;0&quot;,&quot;iso&quot;:&quot;0&quot;,&quot;shutter_speed&quot;:&quot;0&quot;,&quot;title&quot;:&quot;&quot;,&quot;orientation&quot;:&quot;0&quot;}\" data-image-title=\"booking Logo\" data-image-description=\"&lt;p&gt;booking Logo&lt;\/p&gt;\" data-image-caption=\"&lt;p&gt;booking Logo&lt;\/p&gt;\" data-large-file=\"https:\/\/i0.wp.com\/followtheyellowshell.com\/wp-content\/uploads\/2022\/08\/120px-Booking.com_logo.png?fit=120%2C20&amp;ssl=1\" \/>\t\t\t\t\t\t\t\t\t\t\t\t\t\t\t<\/div>\n\t\t\t\t<\/div>\n\t\t\t\t<div class=\"elementor-element elementor-element-201467d6 elementor-widget__width-inherit elementor-align-center elementor-widget elementor-widget-button\" data-id=\"201467d6\" data-element_type=\"widget\" data-e-type=\"widget\" data-widget_type=\"button.default\">\n\t\t\t\t<div class=\"elementor-widget-container\">\n\t\t\t\t\t\t\t\t\t<div class=\"elementor-button-wrapper\">\n\t\t\t\t\t<a class=\"elementor-button elementor-button-link elementor-size-sm\" href=\"https:\/\/www.booking.com\/hotel\/es\/de-sol-a-sol.en.html?aid=7928239&#038;no_rooms=1&#038;group_adults=2\" target=\"_blank\" rel=\"noopener\">\n\t\t\t\t\t\t<span class=\"elementor-button-content-wrapper\">\n\t\t\t\t\t\t\t\t\t<span class=\"elementor-button-text\">r\u00e9server ici<\/span>\n\t\t\t\t\t<\/span>\n\t\t\t\t\t<\/a>\n\t\t\t\t<\/div>\n\t\t\t\t\t\t\t\t<\/div>\n\t\t\t\t<\/div>\n\t\t\t\t\t<\/div>\n\t\t<\/div>\n\t\t\t\t\t<\/div>\n\t\t<\/section>\n\t\t\t\t<section class=\"elementor-section elementor-top-section elementor-element elementor-element-8fa7873 elementor-section-boxed elementor-section-height-default elementor-section-height-default\" data-id=\"8fa7873\" data-element_type=\"section\" data-e-type=\"section\">\n\t\t\t\t\t\t<div class=\"elementor-container elementor-column-gap-default\">\n\t\t\t\t\t<div class=\"elementor-column elementor-col-100 elementor-top-column elementor-element elementor-element-dc4451a\" data-id=\"dc4451a\" data-element_type=\"column\" data-e-type=\"column\">\n\t\t\t<div class=\"elementor-widget-wrap elementor-element-populated\">\n\t\t\t\t\t\t<div class=\"elementor-element elementor-element-362b809 elementor-widget elementor-widget-text-editor\" data-id=\"362b809\" data-element_type=\"widget\" data-e-type=\"widget\" data-widget_type=\"text-editor.default\">\n\t\t\t\t<div class=\"elementor-widget-container\">\n\t\t\t\t\t\t\t\t\t<p>J'esp\u00e8re que vous avez appr\u00e9ci\u00e9 la lecture de la marche du Camino Franc\u00e9s, Jour 11, Burgos \u00e0 Hornillos del Camino. D\u00e9couvrez la prochaine \u00e9tape \u00e0 partir de <strong><a href=\"https:\/\/followtheyellowshell.com\/fr\/jour-12-hornillos-itero-de-la-vega\/\">Hornillos del Camino \u00e0 Itero de la Vega<\/a><\/strong><\/p>\t\t\t\t\t\t\t\t<\/div>\n\t\t\t\t<\/div>\n\t\t\t\t<div class=\"elementor-element elementor-element-8b5ac83 elementor-grid-1 elementor-grid-tablet-2 elementor-grid-mobile-1 elementor-posts--thumbnail-top elementor-posts--show-avatar elementor-card-shadow-yes elementor-posts__hover-gradient elementor-widget elementor-widget-posts\" data-id=\"8b5ac83\" data-element_type=\"widget\" data-e-type=\"widget\" data-settings=\"{&quot;cards_columns&quot;:&quot;1&quot;,&quot;cards_columns_tablet&quot;:&quot;2&quot;,&quot;cards_columns_mobile&quot;:&quot;1&quot;,&quot;cards_row_gap&quot;:{&quot;unit&quot;:&quot;px&quot;,&quot;size&quot;:35,&quot;sizes&quot;:[]},&quot;cards_row_gap_tablet&quot;:{&quot;unit&quot;:&quot;px&quot;,&quot;size&quot;:&quot;&quot;,&quot;sizes&quot;:[]},&quot;cards_row_gap_mobile&quot;:{&quot;unit&quot;:&quot;px&quot;,&quot;size&quot;:&quot;&quot;,&quot;sizes&quot;:[]}}\" data-widget_type=\"posts.cards\">\n\t\t\t\t<div class=\"elementor-widget-container\">\n\t\t\t\t\t\t\t<div class=\"elementor-posts-container elementor-posts elementor-posts--skin-cards elementor-grid\" role=\"list\">\n\t\t\t\t<article class=\"elementor-post elementor-grid-item post-476 post type-post status-publish format-standard has-post-thumbnail hentry category-camino-frances-2016 tag-castrojeriz tag-hornillos-del-camino tag-itero-de-la-vega\" role=\"listitem\">\n\t\t\t<div class=\"elementor-post__card\">\n\t\t\t\t<a class=\"elementor-post__thumbnail__link\" href=\"https:\/\/followtheyellowshell.com\/fr\/jour-12-hornillos-itero-de-la-vega\/\" tabindex=\"-1\"><div class=\"elementor-post__thumbnail\"><img loading=\"lazy\" decoding=\"async\" width=\"300\" height=\"225\" src=\"https:\/\/i0.wp.com\/followtheyellowshell.com\/wp-content\/uploads\/2016\/05\/img_2636.jpg?fit=300%2C225&amp;ssl=1\" class=\"attachment-medium size-medium wp-image-481\" alt=\"Castrojeriz\" data-attachment-id=\"481\" data-permalink=\"https:\/\/followtheyellowshell.com\/fr\/img_2636\/\" data-orig-file=\"https:\/\/i0.wp.com\/followtheyellowshell.com\/wp-content\/uploads\/2016\/05\/img_2636.jpg?fit=1600%2C1200&amp;ssl=1\" data-orig-size=\"1600,1200\" data-comments-opened=\"1\" data-image-meta=\"{&quot;aperture&quot;:&quot;2.2&quot;,&quot;credit&quot;:&quot;&quot;,&quot;camera&quot;:&quot;iPhone 5s&quot;,&quot;caption&quot;:&quot;&quot;,&quot;created_timestamp&quot;:&quot;1464088616&quot;,&quot;copyright&quot;:&quot;&quot;,&quot;focal_length&quot;:&quot;4.15&quot;,&quot;iso&quot;:&quot;32&quot;,&quot;shutter_speed&quot;:&quot;0.00070721357850071&quot;,&quot;title&quot;:&quot;&quot;,&quot;orientation&quot;:&quot;1&quot;}\" data-image-title=\"Castrojeriz\" data-image-description=\"&lt;p&gt;Castrojeriz&lt;\/p&gt;\" data-image-caption=\"&lt;p&gt;Castrojeriz&lt;\/p&gt;\" data-large-file=\"https:\/\/i0.wp.com\/followtheyellowshell.com\/wp-content\/uploads\/2016\/05\/img_2636.jpg?fit=1024%2C768&amp;ssl=1\" \/><\/div><\/a>\n\t\t\t\t<div class=\"elementor-post__badge\">Camino Frances<\/div>\n\t\t\t\t<div class=\"elementor-post__avatar\">\n\t\t\t<img alt='Mark Stevens' src='https:\/\/secure.gravatar.com\/avatar\/61af770c2746ffeac7546dee9536ded8a15da57ed9941f5f96724cfd0d7b96d6?s=128&#038;d=identicon&#038;r=g' srcset='https:\/\/secure.gravatar.com\/avatar\/61af770c2746ffeac7546dee9536ded8a15da57ed9941f5f96724cfd0d7b96d6?s=256&#038;d=identicon&#038;r=g 2x' class='avatar avatar-128 photo' height='128' width='128' \/>\t\t<\/div>\n\t\t\t\t<div class=\"elementor-post__text\">\n\t\t\t\t<div class=\"elementor-post__title\">\n\t\t\t<a href=\"https:\/\/followtheyellowshell.com\/fr\/jour-12-hornillos-itero-de-la-vega\/\">\n\t\t\t\tCamino Frances Jour 12 Hornillos \u00e0 Itero de la Vega\t\t\t<\/a>\n\t\t<\/div>\n\t\t\n\t\t<a class=\"elementor-post__read-more\" href=\"https:\/\/followtheyellowshell.com\/fr\/jour-12-hornillos-itero-de-la-vega\/\" aria-label=\"En savoir plus sur le Camino Franc\u00e9s, Jour 12, Hornillos \u00e0 Itero de la Vega\" tabindex=\"-1\">\n\t\t\tLire plus \u00bb\t\t<\/a>\n\n\t\t\t\t<\/div>\n\t\t\t\t\t<\/div>\n\t\t<\/article>\n\t\t\t\t<\/div>\n\t\t\n\t\t\t\t\t\t<\/div>\n\t\t\t\t<\/div>\n\t\t\t\t<div class=\"elementor-element elementor-element-19cb741 elementor-widget elementor-widget-heading\" data-id=\"19cb741\" data-element_type=\"widget\" data-e-type=\"widget\" data-widget_type=\"heading.default\">\n\t\t\t\t<div class=\"elementor-widget-container\">\n\t\t\t\t\t<h2 class=\"elementor-heading-title elementor-size-default\">Planificateur et journal du Camino Frances<\/h2>\t\t\t\t<\/div>\n\t\t\t\t<\/div>\n\t\t\t\t<div class=\"elementor-element elementor-element-a677087 elementor-widget elementor-widget-text-editor\" data-id=\"a677087\" data-element_type=\"widget\" data-e-type=\"widget\" data-widget_type=\"text-editor.default\">\n\t\t\t\t<div class=\"elementor-widget-container\">\n\t\t\t\t\t\t\t\t\t<p>J'ai r\u00e9cemment auto-publi\u00e9 un planificateur et journal du Chemin fran\u00e7ais pour aider les p\u00e8lerins, qu'ils soient novices ou exp\u00e9riment\u00e9s, \u00e0 pr\u00e9parer ce p\u00e8lerinage incroyable.\u00a0<\/p><p>Enregistrez vos pens\u00e9es et vos souvenirs sur une base quotidienne avec ce journal facile ainsi que de suivre vos d\u00e9penses et votre kilom\u00e9trage, etc.<\/p>\t\t\t\t\t\t\t\t<\/div>\n\t\t\t\t<\/div>\n\t\t\t\t<div class=\"elementor-element elementor-element-41a27d3 elementor-widget elementor-widget-shortcode\" data-id=\"41a27d3\" data-element_type=\"widget\" data-e-type=\"widget\" data-widget_type=\"shortcode.default\">\n\t\t\t\t<div class=\"elementor-widget-container\">\n\t\t\t\t\t\t\t<div class=\"elementor-shortcode\"><div class=\"cg-box-layout-four    cg-black\" ><div class=\"cg-our-top-pick cg-top-pick-left\">MON CHOIX<\/div><div class=\"product-box-row\"><div class=\"product-box-image\"><div class=\"product-image-inner\"><a href=\"https:\/\/www.amazon.com\/dp\/B0C9SB2M6H?tag=followtheye00-20&amp;linkCode=ogi&amp;th=1&amp;psc=1\" target=\"_blank\" rel=\"nofollow noopener\" class=\"cg-aff-link\" data-post-title=\"Camino Frances Planner &amp; Journal\" data-aff-link=\"https:\/\/www.amazon.com\/dp\/B0C9SB2M6H?tag=followtheye00-20&amp;linkCode=ogi&amp;th=1&amp;psc=1\" data-post-type=\"box\" data-post-id=\"181623\"><img decoding=\"async\" src=\"https:\/\/m.media-amazon.com\/images\/I\/51jgr--Gl8L._SL500_.jpg\" class=\"cg-img-1\" alt=\"Planificateur et journal du Camino Frances\" style=\"\"><\/a><\/div><div class=\"cg-tbl-rate cg-teight-rate\" style=\"--cg-rbl-rate-p:98%;\"><span class=\"aff-score\">9.8<\/span><\/div><\/div><div class=\"product-box-content\"><div class=\"cg-text\"><p><strong>Planificateur et journal du Camino Frances<\/strong><\/p><ul><li>Suivez vos progr\u00e8s et votre pr\u00e9paration<\/li><li>D\u00e9tails kilom\u00e9triques ville par ville<\/li><li>Suivi des d\u00e9penses<\/li><li>Suivi de l'entra\u00eenement<\/li><li>Journal quotidien et journal de bord<\/li><li>Pages vides pour les timbres<\/li><\/ul><\/div><\/div><\/div><div class=\"product-box-footer\"><span class='cta-copy'><a href=\"https:\/\/www.amazon.com\/dp\/B0C9SB2M6H?tag=followtheye00-20&amp;linkCode=ogi&amp;th=1&amp;psc=1\" class=\"cg-one-button cg-btn cg-red  cg-aff-link\" data-post-id=\"181623\" data-post-type=\"box\" data-aff-link=\"https:\/\/www.amazon.com\/dp\/B0C9SB2M6H?tag=followtheye00-20&amp;linkCode=ogi&amp;th=1&amp;psc=1\" data-style=\"default\" data-post-title=\"Camino Frances Planner &amp; Journal\" data-extra=\"arrow\" style=\"\" target=\"\" rel=\"nofollow noopener\">V\u00e9rifier le prix sur Amazon<\/a><\/span><\/span><\/div><\/div>\n<\/div>\n\t\t\t\t\t\t<\/div>\n\t\t\t\t<\/div>\n\t\t\t\t\t<\/div>\n\t\t<\/div>\n\t\t\t\t\t<\/div>\n\t\t<\/section>\n\t\t\t\t<\/div>","protected":false},"excerpt":{"rendered":"<p>Apr\u00e8s la m\u00e9ga promenade d'hier jusqu'\u00e0 Burgos, nous nous sommes r\u00e9gal\u00e9s de pizza hier soir et sommes imm\u00e9diatement retourn\u00e9s \u00e0 l'h\u00f4tel pour<\/p>","protected":false},"author":76405655,"featured_media":465,"comment_status":"open","ping_status":"open","sticky":false,"template":"","format":"standard","meta":{"site-sidebar-layout":"default","site-content-layout":"","ast-site-content-layout":"default","site-content-style":"default","site-sidebar-style":"default","ast-global-header-display":"","ast-banner-title-visibility":"","ast-main-header-display":"","ast-hfb-above-header-display":"","ast-hfb-below-header-display":"","ast-hfb-mobile-header-display":"","site-post-title":"","ast-breadcrumbs-content":"","ast-featured-img":"","footer-sml-layout":"","theme-transparent-header-meta":"","adv-header-id-meta":"","stick-header-meta":"","header-above-stick-meta":"","header-main-stick-meta":"","header-below-stick-meta":"","astra-migrate-meta-layouts":"set","ast-page-background-enabled":"default","ast-page-background-meta":{"desktop":{"background-color":"","background-image":"","background-repeat":"repeat","background-position":"center center","background-size":"auto","background-attachment":"scroll","background-type":"","background-media":"","overlay-type":"","overlay-color":"","overlay-gradient":""},"tablet":{"background-color":"","background-image":"","background-repeat":"repeat","background-position":"center center","background-size":"auto","background-attachment":"scroll","background-type":"","background-media":"","overlay-type":"","overlay-color":"","overlay-gradient":""},"mobile":{"background-color":"","background-image":"","background-repeat":"repeat","background-position":"center center","background-size":"auto","background-attachment":"scroll","background-type":"","background-media":"","overlay-type":"","overlay-color":"","overlay-gradient":""}},"ast-content-background-meta":{"desktop":{"background-color":"var(--ast-global-color-5)","background-image":"","background-repeat":"repeat","background-position":"center center","background-size":"auto","background-attachment":"scroll","background-type":"","background-media":"","overlay-type":"","overlay-color":"","overlay-gradient":""},"tablet":{"background-color":"var(--ast-global-color-5)","background-image":"","background-repeat":"repeat","background-position":"center center","background-size":"auto","background-attachment":"scroll","background-type":"","background-media":"","overlay-type":"","overlay-color":"","overlay-gradient":""},"mobile":{"background-color":"var(--ast-global-color-5)","background-image":"","background-repeat":"repeat","background-position":"center center","background-size":"auto","background-attachment":"scroll","background-type":"","background-media":"","overlay-type":"","overlay-color":"","overlay-gradient":""}},"_jetpack_newsletter_access":"","_jetpack_dont_email_post_to_subs":false,"_jetpack_newsletter_tier_id":0,"_jetpack_memberships_contains_paywalled_content":false,"_wpcom_ai_launchpad_first_post":false,"_jetpack_feature_clip_id":0,"_jetpack_memberships_contains_paid_content":false,"footnotes":"","jetpack_publicize_message":"{title}\n\n{excerpt}\n\n{url}","jetpack_publicize_feature_enabled":true,"jetpack_social_post_already_shared":true,"jetpack_social_options":{"image_generator_settings":{"template":"highway","default_image_id":0,"font":"","enabled":false},"version":2},"_wpas_customize_per_network":false,"jetpack_post_was_ever_published":false},"categories":[438393300],"tags":[438393629,438393630],"class_list":["post-467","post","type-post","status-publish","format-standard","has-post-thumbnail","hentry","category-camino-frances-2016","tag-burgos","tag-hornillos-del-camino"],"jetpack_publicize_connections":[],"jetpack_likes_enabled":true,"jetpack_sharing_enabled":true,"jetpack_shortlink":"https:\/\/wp.me\/p5qlUV-7x","jetpack_featured_media_url":"https:\/\/i0.wp.com\/followtheyellowshell.com\/wp-content\/uploads\/2016\/05\/img_2615.jpg?fit=1200%2C1600&ssl=1","_links":{"self":[{"href":"https:\/\/followtheyellowshell.com\/fr\/wp-json\/wp\/v2\/posts\/467","targetHints":{"allow":["GET"]}}],"collection":[{"href":"https:\/\/followtheyellowshell.com\/fr\/wp-json\/wp\/v2\/posts"}],"about":[{"href":"https:\/\/followtheyellowshell.com\/fr\/wp-json\/wp\/v2\/types\/post"}],"author":[{"embeddable":true,"href":"https:\/\/followtheyellowshell.com\/fr\/wp-json\/wp\/v2\/users\/76405655"}],"replies":[{"embeddable":true,"href":"https:\/\/followtheyellowshell.com\/fr\/wp-json\/wp\/v2\/comments?post=467"}],"version-history":[{"count":100,"href":"https:\/\/followtheyellowshell.com\/fr\/wp-json\/wp\/v2\/posts\/467\/revisions"}],"predecessor-version":[{"id":18576,"href":"https:\/\/followtheyellowshell.com\/fr\/wp-json\/wp\/v2\/posts\/467\/revisions\/18576"}],"wp:featuredmedia":[{"embeddable":true,"href":"https:\/\/followtheyellowshell.com\/fr\/wp-json\/wp\/v2\/media\/465"}],"wp:attachment":[{"href":"https:\/\/followtheyellowshell.com\/fr\/wp-json\/wp\/v2\/media?parent=467"}],"wp:term":[{"taxonomy":"category","embeddable":true,"href":"https:\/\/followtheyellowshell.com\/fr\/wp-json\/wp\/v2\/categories?post=467"},{"taxonomy":"post_tag","embeddable":true,"href":"https:\/\/followtheyellowshell.com\/fr\/wp-json\/wp\/v2\/tags?post=467"}],"curies":[{"name":"wp","href":"https:\/\/api.w.org\/{rel}","templated":true}]}}