{"id":424,"date":"2023-11-14T07:00:54","date_gmt":"2023-11-14T07:00:54","guid":{"rendered":"https:\/\/followtheyellowshell.com\/?p=424"},"modified":"2023-11-14T07:35:08","modified_gmt":"2023-11-14T07:35:08","slug":"dia-8-azofra-a-viloria-de-rioja","status":"publish","type":"post","link":"https:\/\/followtheyellowshell.com\/es\/dia-8-azofra-a-viloria-de-rioja\/","title":{"rendered":"Camino Franc\u00e9s D\u00eda 8 Azofra a Viloria del Rioja"},"content":{"rendered":"<div data-elementor-type=\"wp-post\" data-elementor-id=\"424\" class=\"elementor elementor-424\" data-elementor-post-type=\"post\">\n\t\t\t\t\t\t<section class=\"elementor-section elementor-top-section elementor-element elementor-element-d8ec7ee elementor-section-boxed elementor-section-height-default elementor-section-height-default\" data-id=\"d8ec7ee\" data-element_type=\"section\" data-e-type=\"section\">\n\t\t\t\t\t\t<div class=\"elementor-container elementor-column-gap-default\">\n\t\t\t\t\t<div class=\"elementor-column elementor-col-100 elementor-top-column elementor-element elementor-element-c027580\" data-id=\"c027580\" data-element_type=\"column\" data-e-type=\"column\">\n\t\t\t<div class=\"elementor-widget-wrap elementor-element-populated\">\n\t\t\t\t\t\t<div class=\"elementor-element elementor-element-2760590 elementor-widget elementor-widget-text-editor\" data-id=\"2760590\" data-element_type=\"widget\" data-e-type=\"widget\" data-widget_type=\"text-editor.default\">\n\t\t\t\t<div class=\"elementor-widget-container\">\n\t\t\t\t\t\t\t\t\t<p>La etapa de hoy en el Camino de Santiago es el D\u00eda 8 Azofra a Viloria del Rioja, otro pueblo tranquilo en el <strong><a href=\"https:\/\/followtheyellowshell.com\/es\/camino-frances\/\">Camino Franc\u00e9s<\/a><\/strong>.\u00a0<\/p><p>Si no te has alojado en un\u2018<strong>donativo<\/strong>\u2018albergue lee para saber m\u00e1s sobre nuestra primera estancia en uno.<\/p>\t\t\t\t\t\t\t\t<\/div>\n\t\t\t\t<\/div>\n\t\t\t\t<div class=\"elementor-element elementor-element-6eaaffb elementor-widget elementor-widget-heading\" data-id=\"6eaaffb\" data-element_type=\"widget\" data-e-type=\"widget\" data-widget_type=\"heading.default\">\n\t\t\t\t<div class=\"elementor-widget-container\">\n\t\t\t\t\t<h2 class=\"elementor-heading-title elementor-size-default\">Camino Franc\u00e9s D\u00eda 8 Resumen<\/h2>\t\t\t\t<\/div>\n\t\t\t\t<\/div>\n\t\t\t\t<div class=\"elementor-element elementor-element-104f8ee elementor-widget elementor-widget-text-editor\" data-id=\"104f8ee\" data-element_type=\"widget\" data-e-type=\"widget\" data-widget_type=\"text-editor.default\">\n\t\t\t\t<div class=\"elementor-widget-container\">\n\t\t\t\t\t\t\t\t\t<ul><li><span style=\"font-style: inherit; color: var(--ast-global-color-3); background-color: var(--ast-global-color-4);\">Distancia \u2013 32 km<\/span><\/li><li><span style=\"font-style: inherit; color: var(--ast-global-color-3); background-color: var(--ast-global-color-4);\">De - Azofra<\/span><\/li><li><span style=\"font-style: inherit; color: var(--ast-global-color-3); background-color: var(--ast-global-color-4);\">A \u2013 Viloria del Rioja<\/span><\/li><li><span style=\"font-style: inherit; color: var(--ast-global-color-3); background-color: var(--ast-global-color-4);\">Elevaci\u00f3n M\u00edn.\/M\u00e1x. \u2013 539 m\/798 m<\/span><\/li><li><span style=\"font-style: inherit; color: var(--ast-global-color-3); background-color: var(--ast-global-color-4);\">Ganancia de elevaci\u00f3n: 520m<\/span><\/li><li><span style=\"font-style: inherit; color: var(--ast-global-color-3); background-color: var(--ast-global-color-4);\">Pasos - 45.000<\/span><\/li><\/ul><p>Tuvimos una estancia maravillosa en el albergue municipal de Azofra y nos fuimos temprano a las 5:30 am con nuestro <strong><a class=\"thirstylink\" title=\"Linterna frontal Pilgrim\" href=\"https:\/\/followtheyellowshell.com\/es\/recommends\/pilgrim-headtorch\/\" target=\"_blank\" rel=\"nofollow noopener\">linterna frontal<\/a><\/strong> en alerta. Est\u00e1 bastante oscuro a esta hora de la ma\u00f1ana y muy silencioso.<\/p><p>El Albergue en Azofra es fant\u00e1stico y lo recomiendo a cualquiera que se aloje all\u00ed. Tiene habitaciones peque\u00f1as hechas de contrachapado y todas basadas en compartir entre 2 personas.\u00a0<\/p><p>Cada planta tiene un buen bloque de duchas y hay una piscina de inmersi\u00f3n en el patio para relajarse despu\u00e9s de una larga caminata.<\/p><p>El pron\u00f3stico del tiempo ha programado un d\u00eda muy caluroso para hoy. La mayor\u00eda de los peregrinos se levantar\u00e1n temprano por la ma\u00f1ana para evitar caminar bajo el sol abrasador y este es exactamente nuestro plan para hoy.<\/p><p><span style=\"font-style: inherit; color: var(--ast-global-color-3); background-color: var(--ast-global-color-4);\">Salimos tan temprano que pudimos ver el amanecer y fue realmente impresionante junto con la mayor\u00eda de los otros peregrinos.<\/span><\/p><p>Llevamos 8 d\u00edas caminando en nuestra peregrinaci\u00f3n a Santiago de Compostela y nos sentimos m\u00e1s en forma y saludables.\u00a0<\/p><p>Todo este ejercicio es asombroso pero estoy muy agradecido por todo el preentrenamiento que hice antes de irme.<\/p>\t\t\t\t\t\t\t\t<\/div>\n\t\t\t\t<\/div>\n\t\t\t\t<div class=\"elementor-element elementor-element-7974ec5 elementor-widget elementor-widget-image\" data-id=\"7974ec5\" data-element_type=\"widget\" data-e-type=\"widget\" data-widget_type=\"image.default\">\n\t\t\t\t<div class=\"elementor-widget-container\">\n\t\t\t\t\t\t\t\t\t\t\t\t\t\t\t<img fetchpriority=\"high\" decoding=\"async\" width=\"1024\" height=\"768\" src=\"https:\/\/i0.wp.com\/followtheyellowshell.com\/wp-content\/uploads\/2016\/05\/img_2507.jpg?fit=1024%2C768&amp;ssl=1\" class=\"attachment-large size-large wp-image-422\" alt=\"amanecer cerca de Azofra\" data-attachment-id=\"422\" data-permalink=\"https:\/\/followtheyellowshell.com\/es\/img_2507\/\" data-orig-file=\"https:\/\/i0.wp.com\/followtheyellowshell.com\/wp-content\/uploads\/2016\/05\/img_2507.jpg?fit=1600%2C1200&amp;ssl=1\" data-orig-size=\"1600,1200\" data-comments-opened=\"1\" data-image-meta=\"{&quot;aperture&quot;:&quot;2.2&quot;,&quot;credit&quot;:&quot;&quot;,&quot;camera&quot;:&quot;iPhone 5s&quot;,&quot;caption&quot;:&quot;&quot;,&quot;created_timestamp&quot;:&quot;1463727547&quot;,&quot;copyright&quot;:&quot;&quot;,&quot;focal_length&quot;:&quot;4.15&quot;,&quot;iso&quot;:&quot;32&quot;,&quot;shutter_speed&quot;:&quot;0.0012674271229404&quot;,&quot;title&quot;:&quot;&quot;,&quot;orientation&quot;:&quot;1&quot;}\" data-image-title=\"sunrise near Azofra\" data-image-description=\"&lt;p&gt;sunrise near Azofra&lt;\/p&gt;\" data-image-caption=\"&lt;p&gt;sunrise near Azofra&lt;\/p&gt;\" data-large-file=\"https:\/\/i0.wp.com\/followtheyellowshell.com\/wp-content\/uploads\/2016\/05\/img_2507.jpg?fit=1024%2C768&amp;ssl=1\" \/>\t\t\t\t\t\t\t\t\t\t\t\t\t\t\t<\/div>\n\t\t\t\t<\/div>\n\t\t\t\t<div class=\"elementor-element elementor-element-bf311f5 elementor-widget elementor-widget-heading\" data-id=\"bf311f5\" data-element_type=\"widget\" data-e-type=\"widget\" data-widget_type=\"heading.default\">\n\t\t\t\t<div class=\"elementor-widget-container\">\n\t\t\t\t\t<h2 class=\"elementor-heading-title elementor-size-default\">Santo Domingo de la Calzada<\/h2>\t\t\t\t<\/div>\n\t\t\t\t<\/div>\n\t\t\t\t<div class=\"elementor-element elementor-element-7739f46 elementor-widget elementor-widget-text-editor\" data-id=\"7739f46\" data-element_type=\"widget\" data-e-type=\"widget\" data-widget_type=\"text-editor.default\">\n\t\t\t\t<div class=\"elementor-widget-container\">\n\t\t\t\t\t\t\t\t\t<p>Decidimos caminar todo el camino hasta Santo Domingo de la Calzada antes de detenernos para desayunar y logramos llegar en 3 horas y media.\u00a0<\/p><p>\u00a1\u00cdbamos a todo dar!<\/p><p>Paramos en esta encantadora ciudad peque\u00f1a y tomamos el obligatorio caf\u00e9 con leche y una cosa bastante grande tipo dan\u00e9s. \u00a1Estaba precioso! \u00a0<\/p><p>Tambi\u00e9n encontramos esta gran fuente de agua al lado de la catedral. Alguien tuvo que saltar sobre ella y fue mi amigo Pilgrim Bob. Una gran foto.<\/p><p>Las calles del peque\u00f1o pueblo antiguo y la catedral son fant\u00e1sticas para pasear y una excelente manera de pasar unas horas si esta es tu \u00faltima parada del d\u00eda.\u00a0<\/p><p>Tambi\u00e9n hay calles arboladas con bares y cafeter\u00edas que son muy agradables y estaba lleno de peregrinos del Camino.<\/p>\t\t\t\t\t\t\t\t<\/div>\n\t\t\t\t<\/div>\n\t\t\t\t<div class=\"elementor-element elementor-element-505ee6f elementor-widget elementor-widget-image\" data-id=\"505ee6f\" data-element_type=\"widget\" data-e-type=\"widget\" data-widget_type=\"image.default\">\n\t\t\t\t<div class=\"elementor-widget-container\">\n\t\t\t\t\t\t\t\t\t\t\t\t\t\t\t<img decoding=\"async\" width=\"768\" height=\"1024\" src=\"https:\/\/i0.wp.com\/followtheyellowshell.com\/wp-content\/uploads\/2016\/05\/img_2513-2.jpg?fit=768%2C1024&amp;ssl=1\" class=\"attachment-large size-large wp-image-435\" alt=\"Bob montando una bicicleta en Santo Domingo de la Calzada\" data-attachment-id=\"435\" data-permalink=\"https:\/\/followtheyellowshell.com\/es\/img_2513-2\/\" data-orig-file=\"https:\/\/i0.wp.com\/followtheyellowshell.com\/wp-content\/uploads\/2016\/05\/img_2513-2.jpg?fit=1200%2C1600&amp;ssl=1\" data-orig-size=\"1200,1600\" data-comments-opened=\"1\" data-image-meta=\"{&quot;aperture&quot;:&quot;2.2&quot;,&quot;credit&quot;:&quot;&quot;,&quot;camera&quot;:&quot;iPhone 5s&quot;,&quot;caption&quot;:&quot;&quot;,&quot;created_timestamp&quot;:&quot;1463735087&quot;,&quot;copyright&quot;:&quot;&quot;,&quot;focal_length&quot;:&quot;4.15&quot;,&quot;iso&quot;:&quot;64&quot;,&quot;shutter_speed&quot;:&quot;0.01&quot;,&quot;title&quot;:&quot;&quot;,&quot;orientation&quot;:&quot;1&quot;}\" data-image-title=\"Bob riding a bicycle in Santa Domingo de la Calzada\" data-image-description=\"&lt;p&gt;Bob riding a bicycle in Santa Domingo de la Calzada&lt;\/p&gt;\" data-image-caption=\"&lt;p&gt;Bob riding a bicycle in Santa Domingo de la Calzada&lt;\/p&gt;\" data-large-file=\"https:\/\/i0.wp.com\/followtheyellowshell.com\/wp-content\/uploads\/2016\/05\/img_2513-2.jpg?fit=768%2C1024&amp;ssl=1\" \/>\t\t\t\t\t\t\t\t\t\t\t\t\t\t\t<\/div>\n\t\t\t\t<\/div>\n\t\t\t\t<div class=\"elementor-element elementor-element-f368952 elementor-widget elementor-widget-heading\" data-id=\"f368952\" data-element_type=\"widget\" data-e-type=\"widget\" data-widget_type=\"heading.default\">\n\t\t\t\t<div class=\"elementor-widget-container\">\n\t\t\t\t\t<h3 class=\"elementor-heading-title elementor-size-default\">Santo Domingo de la Calzada - El Milagro de la Gallina<\/h3>\t\t\t\t<\/div>\n\t\t\t\t<\/div>\n\t\t\t\t<div class=\"elementor-element elementor-element-5c41bf1 elementor-widget elementor-widget-text-editor\" data-id=\"5c41bf1\" data-element_type=\"widget\" data-e-type=\"widget\" data-widget_type=\"text-editor.default\">\n\t\t\t\t<div class=\"elementor-widget-container\">\n\t\t\t\t\t\t\t\t\t<p>Santo Domingo de la Calzada tambi\u00e9n es famoso por el llamado \u2018milagro del gallo\u2019, uno de los mitos m\u00e1s conocidos del Camino de Santiago.<\/p><p>Seg\u00fan la leyenda, un joven alem\u00e1n, llamado Hugonell, y su familia viajaban como peregrinos a Santiago. Se detuvieron a pasar la noche en Santo Domingo de la Calzada en una posada local.<\/p><p>La hija del posadero se encari\u00f1\u00f3 con el joven alem\u00e1n, pero \u00e9l rechaz\u00f3 sus avances. La joven se disgust\u00f3 mucho y esa noche escondi\u00f3 una copa de plata en el zurr\u00f3n del joven peregrino, quien ser\u00eda acusado de robo y condenado a muerte en la horca.<\/p><p>Antes de que sus padres se fueran a Santiago, fueron a despedirse de su hijo y lo oyeron decir que hab\u00eda sido salvado por Santo Domingo de la Calzada.<\/p><p>Esto se debi\u00f3 a la intervenci\u00f3n de Santo Domingo, quien conoc\u00eda la inocencia del joven.<\/p><p>Los padres, sorprendidos por este milagro, acudieron a las autoridades locales para informarles. El Sheriff local de Santo Domingo se mostr\u00f3 muy esc\u00e9ptico y respondi\u00f3 que su hijo estar\u00eda tan vivo como el gallo y la gallina asados que iba a comer en ese mismo instante.\u00a0<\/p><p>Al pronunciar estas palabras, el gallo y la gallina se levantaron al instante del plato, les volvieron a crecer las plumas blancas y empezaron a cantar.<\/p><p>Hasta el d\u00eda de hoy, en memoria del acontecimiento, se mantiene un gallo y una gallina blancos dentro de la catedral en Santo Domingo de la Calzada. La pareja es reemplazada cada mes gracias a las donaciones de devotos locales del Santo.<\/p><p>Si tienes la oportunidad de dar una vuelta por la catedral, vale la pena.<\/p><p>Esta etapa del Camino Franc\u00e9s nos lleva de un peque\u00f1o pueblo a otro y caminando por campos de trigo durante horas.\u00a0<\/p><p>Fue bastante aburrido, pero las vistas y el paisaje son incre\u00edbles. La foto de abajo la tom\u00e9 especialmente para mi hija, Grace, ya que le encantan las fotos de todas las puertas antiguas del Camino.<\/p>\t\t\t\t\t\t\t\t<\/div>\n\t\t\t\t<\/div>\n\t\t\t\t<div class=\"elementor-element elementor-element-c209042 elementor-widget elementor-widget-image\" data-id=\"c209042\" data-element_type=\"widget\" data-e-type=\"widget\" data-widget_type=\"image.default\">\n\t\t\t\t<div class=\"elementor-widget-container\">\n\t\t\t\t\t\t\t\t\t\t\t\t\t\t\t<img decoding=\"async\" width=\"768\" height=\"1024\" src=\"https:\/\/i0.wp.com\/followtheyellowshell.com\/wp-content\/uploads\/2016\/05\/img_2516.jpg?fit=768%2C1024&amp;ssl=1\" class=\"attachment-large size-large wp-image-428\" alt=\"imagen de una puerta para gracia\" data-attachment-id=\"428\" data-permalink=\"https:\/\/followtheyellowshell.com\/es\/img_2516\/\" data-orig-file=\"https:\/\/i0.wp.com\/followtheyellowshell.com\/wp-content\/uploads\/2016\/05\/img_2516.jpg?fit=1200%2C1600&amp;ssl=1\" data-orig-size=\"1200,1600\" data-comments-opened=\"1\" data-image-meta=\"{&quot;aperture&quot;:&quot;2.2&quot;,&quot;credit&quot;:&quot;&quot;,&quot;camera&quot;:&quot;iPhone 5s&quot;,&quot;caption&quot;:&quot;&quot;,&quot;created_timestamp&quot;:&quot;1463742497&quot;,&quot;copyright&quot;:&quot;&quot;,&quot;focal_length&quot;:&quot;4.15&quot;,&quot;iso&quot;:&quot;32&quot;,&quot;shutter_speed&quot;:&quot;0.0022935779816514&quot;,&quot;title&quot;:&quot;&quot;,&quot;orientation&quot;:&quot;1&quot;}\" data-image-title=\"picture of a door for grace\" data-image-description=\"&lt;p&gt;picture of a door for grace&lt;\/p&gt;\" data-image-caption=\"&lt;p&gt;picture of a door for grace&lt;\/p&gt;\" data-large-file=\"https:\/\/i0.wp.com\/followtheyellowshell.com\/wp-content\/uploads\/2016\/05\/img_2516.jpg?fit=768%2C1024&amp;ssl=1\" \/>\t\t\t\t\t\t\t\t\t\t\t\t\t\t\t<\/div>\n\t\t\t\t<\/div>\n\t\t\t\t<div class=\"elementor-element elementor-element-4028ca8 elementor-widget elementor-widget-text-editor\" data-id=\"4028ca8\" data-element_type=\"widget\" data-e-type=\"widget\" data-widget_type=\"text-editor.default\">\n\t\t\t\t<div class=\"elementor-widget-container\">\n\t\t\t\t\t\t\t\t\t<p>Nuestra secci\u00f3n de la tarde de esta etapa del Camino nos llev\u00f3 por Gran\u00f3n, Redecilla del Camino y Castildelgado y, tras unos muy calurosos 32 km, llegamos a Viloria de la Rioja.<\/p><p><span style=\"font-style: inherit; color: var(--ast-global-color-3); background-color: var(--ast-global-color-4);\">Este pueblo es una parada entre etapas seg\u00fan el <\/span><strong><a class=\"thirstylink\" style=\"font-style: inherit;\" title=\"Gu\u00eda del Camino Franc\u00e9s\" href=\"https:\/\/followtheyellowshell.com\/es\/recommends\/camino-frances-guidebook\/\" target=\"_blank\" rel=\"nofollow noopener\">Gu\u00eda de John Brierley<\/a><\/strong><span style=\"font-style: inherit; color: var(--ast-global-color-3); background-color: var(--ast-global-color-4);\">.\u00a0\u00a0<\/span><\/p><p><span style=\"font-style: inherit; color: var(--ast-global-color-3); background-color: var(--ast-global-color-4);\">Hab\u00edamos decidido no reservar un albergue y dejarlo a la improvisaci\u00f3n, y\u00a0<\/span><span style=\"font-style: inherit; color: var(--ast-global-color-3); background-color: var(--ast-global-color-4);\">ten\u00edamos la opci\u00f3n de 2 albergues. Decidimos probar un\u2018<strong>donativo<\/strong>\u2018albergue ya que a\u00fan no hemos probado a alojarnos en uno.<\/span><\/p>\t\t\t\t\t\t\t\t<\/div>\n\t\t\t\t<\/div>\n\t\t\t\t<div class=\"elementor-element elementor-element-c25bb0b elementor-widget elementor-widget-shortcode\" data-id=\"c25bb0b\" data-element_type=\"widget\" data-e-type=\"widget\" data-widget_type=\"shortcode.default\">\n\t\t\t\t<div class=\"elementor-widget-container\">\n\t\t\t\t\t\t\t<div class=\"elementor-shortcode\">                <div class=\"ml-embedded\" data-form=\"Q2XfYK\"><\/div>\n            <\/div>\n\t\t\t\t\t\t<\/div>\n\t\t\t\t<\/div>\n\t\t\t\t<div class=\"elementor-element elementor-element-143b4d6 elementor-widget elementor-widget-heading\" data-id=\"143b4d6\" data-element_type=\"widget\" data-e-type=\"widget\" data-widget_type=\"heading.default\">\n\t\t\t\t<div class=\"elementor-widget-container\">\n\t\t\t\t\t<h2 class=\"elementor-heading-title elementor-size-default\">Donaci\u00f3n albergue<\/h2>\t\t\t\t<\/div>\n\t\t\t\t<\/div>\n\t\t\t\t<div class=\"elementor-element elementor-element-6c47f3c elementor-widget elementor-widget-text-editor\" data-id=\"6c47f3c\" data-element_type=\"widget\" data-e-type=\"widget\" data-widget_type=\"text-editor.default\">\n\t\t\t\t<div class=\"elementor-widget-container\">\n\t\t\t\t\t\t\t\t\t<p>Los Albergues de Donativo se mantienen exclusivamente con las donaciones de los Peregrinos del Camino y no reciben fondos p\u00fablicos.<\/p><p>Son operados principalmente por peregrinos experimentados que han recorrido el Camino de Santiago m\u00faltiples veces.\u00a0<\/p><p>Muchos de estos peregrinos han comprado propiedades en el Camino y regentan estos albergues por amor a la peregrinaci\u00f3n y para ayudar a los peregrinos que actualmente caminan a Santiago.\u00a0<\/p><p>Tambi\u00e9n son a veces dirigidos por parroquias locales, iglesias, monasterios o gente del lugar y, en ocasiones, son los mejores albergues del Camino.\u00a0<\/p><p>Pero recuerda <strong>\u00a1Donativo no significa gratis!<\/strong><\/p>\t\t\t\t\t\t\t\t<\/div>\n\t\t\t\t<\/div>\n\t\t\t\t<div class=\"elementor-element elementor-element-eb20720 elementor-widget elementor-widget-heading\" data-id=\"eb20720\" data-element_type=\"widget\" data-e-type=\"widget\" data-widget_type=\"heading.default\">\n\t\t\t\t<div class=\"elementor-widget-container\">\n\t\t\t\t\t<h3 class=\"elementor-heading-title elementor-size-default\">\u00bfC\u00f3mo funcionan los albergues por donativo?<\/h3>\t\t\t\t<\/div>\n\t\t\t\t<\/div>\n\t\t\t\t<div class=\"elementor-element elementor-element-49f8786 elementor-widget elementor-widget-text-editor\" data-id=\"49f8786\" data-element_type=\"widget\" data-e-type=\"widget\" data-widget_type=\"text-editor.default\">\n\t\t\t\t<div class=\"elementor-widget-container\">\n\t\t\t\t\t\t\t\t\t<p>Donativo t\u00edpicamente significa que pagas el precio que consideras justo y razonable; el monto depende de ti y de tu capacidad de pago. \u00a1No significa que sea gratis!<\/p>\n<p>A veces habr\u00e1 una tarifa sugerida para tu cama por la noche.<\/p>\n<p>Te sugiero que lo dejes tan limpio como lo encontraste. Tu \u2018donaci\u00f3n\u2019 ayudar\u00e1 a financiar el funcionamiento del Albergue y tambi\u00e9n a alimentar a los peregrinos que lleguen al d\u00eda siguiente.&nbsp;<\/p>\n<p>As\u00ed contin\u00faa... Peregrinos en el Camino llegando d\u00eda tras d\u00eda.<\/p>\t\t\t\t\t\t\t\t<\/div>\n\t\t\t\t<\/div>\n\t\t\t\t<div class=\"elementor-element elementor-element-9c3b517 elementor-widget elementor-widget-heading\" data-id=\"9c3b517\" data-element_type=\"widget\" data-e-type=\"widget\" data-widget_type=\"heading.default\">\n\t\t\t\t<div class=\"elementor-widget-container\">\n\t\t\t\t\t<h2 class=\"elementor-heading-title elementor-size-default\">Viloria de la Rioja<\/h2>\t\t\t\t<\/div>\n\t\t\t\t<\/div>\n\t\t\t\t<div class=\"elementor-element elementor-element-a52f405 elementor-widget elementor-widget-text-editor\" data-id=\"a52f405\" data-element_type=\"widget\" data-e-type=\"widget\" data-widget_type=\"text-editor.default\">\n\t\t\t\t<div class=\"elementor-widget-container\">\n\t\t\t\t\t\t\t\t\t<p>Viloria del Rioja es en realidad un pueblo muy peque\u00f1o y la elecci\u00f3n de albergue era limitada ya que solo hay 2 en el pueblo.\u00a0<\/p><p>Elegimos el albergue Parada Viloria. Es un \u2018donativo\u2019 y la tarifa sugerida por la noche era de 8 \u20ac por persona, que inclu\u00eda una cena de peregrino. Fant\u00e1stica relaci\u00f3n calidad-precio.<\/p><p>Era un granero antiguo y un lugar brillante para quedarse. Las habitaciones eran c\u00f3modas pero un poco b\u00e1sicas y las camas estaban muy juntas.<\/p><p>Hemos estado en el Camino Franc\u00e9s durante 8 d\u00edas, as\u00ed que ya estamos acostumbrados.\u00a0<span style=\"color: var(--ast-global-color-3); font-style: inherit; background-color: var(--ast-global-color-4);\">Esperemos que la comida est\u00e9 buena.<\/span><\/p>\t\t\t\t\t\t\t\t<\/div>\n\t\t\t\t<\/div>\n\t\t\t\t<div class=\"elementor-element elementor-element-a67630d elementor-widget elementor-widget-image\" data-id=\"a67630d\" data-element_type=\"widget\" data-e-type=\"widget\" data-widget_type=\"image.default\">\n\t\t\t\t<div class=\"elementor-widget-container\">\n\t\t\t\t\t\t\t\t\t\t\t\t\t\t\t<img loading=\"lazy\" decoding=\"async\" width=\"768\" height=\"1024\" src=\"https:\/\/i0.wp.com\/followtheyellowshell.com\/wp-content\/uploads\/2016\/05\/img_2532.jpg?fit=768%2C1024&amp;ssl=1\" class=\"attachment-large size-large wp-image-431\" alt=\"Albergue Parada Viloria\" data-attachment-id=\"431\" data-permalink=\"https:\/\/followtheyellowshell.com\/es\/img_2532\/\" data-orig-file=\"https:\/\/i0.wp.com\/followtheyellowshell.com\/wp-content\/uploads\/2016\/05\/img_2532.jpg?fit=1200%2C1600&amp;ssl=1\" data-orig-size=\"1200,1600\" data-comments-opened=\"1\" data-image-meta=\"{&quot;aperture&quot;:&quot;2.2&quot;,&quot;credit&quot;:&quot;&quot;,&quot;camera&quot;:&quot;iPhone 5s&quot;,&quot;caption&quot;:&quot;&quot;,&quot;created_timestamp&quot;:&quot;1463755427&quot;,&quot;copyright&quot;:&quot;&quot;,&quot;focal_length&quot;:&quot;4.15&quot;,&quot;iso&quot;:&quot;32&quot;,&quot;shutter_speed&quot;:&quot;0.00051203277009729&quot;,&quot;title&quot;:&quot;&quot;,&quot;orientation&quot;:&quot;1&quot;}\" data-image-title=\"Albergue Parada Viloria\" data-image-description=\"&lt;p&gt;Albergue Parada Viloria&lt;\/p&gt;\" data-image-caption=\"&lt;p&gt;Albergue Parada Viloria&lt;\/p&gt;\" data-large-file=\"https:\/\/i0.wp.com\/followtheyellowshell.com\/wp-content\/uploads\/2016\/05\/img_2532.jpg?fit=768%2C1024&amp;ssl=1\" \/>\t\t\t\t\t\t\t\t\t\t\t\t\t\t\t<\/div>\n\t\t\t\t<\/div>\n\t\t\t\t<div class=\"elementor-element elementor-element-d0c210f elementor-widget elementor-widget-image\" data-id=\"d0c210f\" data-element_type=\"widget\" data-e-type=\"widget\" data-widget_type=\"image.default\">\n\t\t\t\t<div class=\"elementor-widget-container\">\n\t\t\t\t\t\t\t\t\t\t\t\t\t\t\t<img loading=\"lazy\" decoding=\"async\" width=\"768\" height=\"1024\" src=\"https:\/\/i0.wp.com\/followtheyellowshell.com\/wp-content\/uploads\/2016\/05\/img_2524.jpg?fit=768%2C1024&amp;ssl=1\" class=\"attachment-large size-large wp-image-429\" alt=\"donativo comida en albergue Parada Viloria\" data-attachment-id=\"429\" data-permalink=\"https:\/\/followtheyellowshell.com\/es\/img_2524\/\" data-orig-file=\"https:\/\/i0.wp.com\/followtheyellowshell.com\/wp-content\/uploads\/2016\/05\/img_2524.jpg?fit=1200%2C1600&amp;ssl=1\" data-orig-size=\"1200,1600\" data-comments-opened=\"1\" data-image-meta=\"{&quot;aperture&quot;:&quot;2.2&quot;,&quot;credit&quot;:&quot;&quot;,&quot;camera&quot;:&quot;iPhone 5s&quot;,&quot;caption&quot;:&quot;&quot;,&quot;created_timestamp&quot;:&quot;1463751837&quot;,&quot;copyright&quot;:&quot;&quot;,&quot;focal_length&quot;:&quot;4.15&quot;,&quot;iso&quot;:&quot;200&quot;,&quot;shutter_speed&quot;:&quot;0.03030303030303&quot;,&quot;title&quot;:&quot;&quot;,&quot;orientation&quot;:&quot;1&quot;}\" data-image-title=\"donativo meal at albergue Parada Viloria\" data-image-description=\"&lt;p&gt;donativo meal at albergue Parada Viloria&lt;\/p&gt;\" data-image-caption=\"&lt;p&gt;donativo meal at albergue Parada Viloria&lt;\/p&gt;\" data-large-file=\"https:\/\/i0.wp.com\/followtheyellowshell.com\/wp-content\/uploads\/2016\/05\/img_2524.jpg?fit=768%2C1024&amp;ssl=1\" \/>\t\t\t\t\t\t\t\t\t\t\t\t\t\t\t<\/div>\n\t\t\t\t<\/div>\n\t\t\t\t<div class=\"elementor-element elementor-element-7ece21c elementor-widget elementor-widget-text-editor\" data-id=\"7ece21c\" data-element_type=\"widget\" data-e-type=\"widget\" data-widget_type=\"text-editor.default\">\n\t\t\t\t<div class=\"elementor-widget-container\">\n\t\t\t\t\t\t\t\t\t<p>Nos sentamos con otros peregrinos charlando sobre el Camino e hicimos buenas conexiones con otros peregrinos.<\/p><p>Eventualmente la <strong>hospitalero<\/strong> trajo una paella incre\u00edble. Pilgrim Bob realmente quer\u00eda cocinar algo de comida en este Camino, as\u00ed que estaba ansioso por levantarse y servir a los dem\u00e1s peregrinos, pero alguien se le adelant\u00f3. \u00a0<\/p><p>Llegaremos a cocinar la comida en un <strong><a href=\"https:\/\/followtheyellowshell.com\/es\/albergues-en-el-camino-de-santiago\/\">Albergue<\/a><\/strong> en otro d\u00eda.<\/p><p>La paella estaba deliciosa y acompa\u00f1ada de un buen Rioja fue el final perfecto para la noche.<\/p>\t\t\t\t\t\t\t\t<\/div>\n\t\t\t\t<\/div>\n\t\t\t\t<div class=\"elementor-element elementor-element-1a88dac elementor-widget elementor-widget-image\" data-id=\"1a88dac\" data-element_type=\"widget\" data-e-type=\"widget\" data-widget_type=\"image.default\">\n\t\t\t\t<div class=\"elementor-widget-container\">\n\t\t\t\t\t\t\t\t\t\t\t\t\t\t\t<img loading=\"lazy\" decoding=\"async\" width=\"1024\" height=\"768\" src=\"https:\/\/i0.wp.com\/followtheyellowshell.com\/wp-content\/uploads\/2016\/05\/albergue-in-Viloria-del-Rioja-1-scaled.jpg?fit=1024%2C768&amp;ssl=1\" class=\"attachment-large size-large wp-image-448\" alt=\"cena en un albergue en Viloria del Rioja\" srcset=\"https:\/\/i0.wp.com\/followtheyellowshell.com\/wp-content\/uploads\/2016\/05\/albergue-in-Viloria-del-Rioja-1-scaled.jpg?w=1600&amp;ssl=1 1600w, https:\/\/i0.wp.com\/followtheyellowshell.com\/wp-content\/uploads\/2016\/05\/albergue-in-Viloria-del-Rioja-1-scaled.jpg?resize=300%2C225&amp;ssl=1 300w, https:\/\/i0.wp.com\/followtheyellowshell.com\/wp-content\/uploads\/2016\/05\/albergue-in-Viloria-del-Rioja-1-scaled.jpg?resize=1024%2C768&amp;ssl=1 1024w, https:\/\/i0.wp.com\/followtheyellowshell.com\/wp-content\/uploads\/2016\/05\/albergue-in-Viloria-del-Rioja-1-scaled.jpg?resize=150%2C113&amp;ssl=1 150w, https:\/\/i0.wp.com\/followtheyellowshell.com\/wp-content\/uploads\/2016\/05\/albergue-in-Viloria-del-Rioja-1-scaled.jpg?resize=768%2C576&amp;ssl=1 768w, https:\/\/i0.wp.com\/followtheyellowshell.com\/wp-content\/uploads\/2016\/05\/albergue-in-Viloria-del-Rioja-1-scaled.jpg?resize=1536%2C1152&amp;ssl=1 1536w, https:\/\/i0.wp.com\/followtheyellowshell.com\/wp-content\/uploads\/2016\/05\/albergue-in-Viloria-del-Rioja-1-scaled.jpg?resize=2048%2C1536&amp;ssl=1 2048w, https:\/\/i0.wp.com\/followtheyellowshell.com\/wp-content\/uploads\/2016\/05\/albergue-in-Viloria-del-Rioja-1-scaled.jpg?resize=1200%2C900&amp;ssl=1 1200w, https:\/\/i0.wp.com\/followtheyellowshell.com\/wp-content\/uploads\/2016\/05\/albergue-in-Viloria-del-Rioja-1-scaled.jpg?resize=800%2C600&amp;ssl=1 800w, https:\/\/i0.wp.com\/followtheyellowshell.com\/wp-content\/uploads\/2016\/05\/albergue-in-Viloria-del-Rioja-1-scaled.jpg?resize=400%2C300&amp;ssl=1 400w, https:\/\/i0.wp.com\/followtheyellowshell.com\/wp-content\/uploads\/2016\/05\/albergue-in-Viloria-del-Rioja-1-scaled.jpg?resize=200%2C150&amp;ssl=1 200w, https:\/\/i0.wp.com\/followtheyellowshell.com\/wp-content\/uploads\/2016\/05\/albergue-in-Viloria-del-Rioja-1-scaled.jpg?resize=676%2C507&amp;ssl=1 676w\" sizes=\"(max-width: 1024px) 100vw, 1024px\" data-attachment-id=\"448\" data-permalink=\"https:\/\/followtheyellowshell.com\/es\/img_2545\/\" data-orig-file=\"https:\/\/i0.wp.com\/followtheyellowshell.com\/wp-content\/uploads\/2016\/05\/albergue-in-Viloria-del-Rioja-1-scaled.jpg?fit=1600%2C1200&amp;ssl=1\" data-orig-size=\"1600,1200\" data-comments-opened=\"1\" data-image-meta=\"{&quot;aperture&quot;:&quot;2.2&quot;,&quot;credit&quot;:&quot;&quot;,&quot;camera&quot;:&quot;iPhone 5s&quot;,&quot;caption&quot;:&quot;&quot;,&quot;created_timestamp&quot;:&quot;1463772182&quot;,&quot;copyright&quot;:&quot;&quot;,&quot;focal_length&quot;:&quot;4.15&quot;,&quot;iso&quot;:&quot;160&quot;,&quot;shutter_speed&quot;:&quot;0.03030303030303&quot;,&quot;title&quot;:&quot;&quot;,&quot;orientation&quot;:&quot;1&quot;}\" data-image-title=\"dinner in an albergue in Viloria del Rioja\" data-image-description=\"&lt;p&gt;dinner in an albergue in Viloria del Rioja&lt;\/p&gt;\" data-image-caption=\"&lt;p&gt;dinner in an albergue in Viloria del Rioja&lt;\/p&gt;\" data-large-file=\"https:\/\/i0.wp.com\/followtheyellowshell.com\/wp-content\/uploads\/2016\/05\/albergue-in-Viloria-del-Rioja-1-scaled.jpg?fit=1024%2C768&amp;ssl=1\" \/>\t\t\t\t\t\t\t\t\t\t\t\t\t\t\t<\/div>\n\t\t\t\t<\/div>\n\t\t\t\t<div class=\"elementor-element elementor-element-3eb7c92 elementor-cta--layout-image-left elementor-cta--tablet-layout-image-above elementor-cta--mobile-layout-image-above elementor-cta--skin-classic elementor-animated-content elementor-bg-transform elementor-bg-transform-zoom-in elementor-widget elementor-widget-global elementor-global-17631 elementor-widget-call-to-action\" data-id=\"3eb7c92\" data-element_type=\"widget\" data-e-type=\"widget\" data-widget_type=\"call-to-action.default\">\n\t\t\t\t<div class=\"elementor-widget-container\">\n\t\t\t\t\t\t\t<div class=\"elementor-cta\">\n\t\t\t\t\t<div class=\"elementor-cta__bg-wrapper\">\n\t\t\t\t<div class=\"elementor-cta__bg elementor-bg\" style=\"background-image: url(https:\/\/i0.wp.com\/followtheyellowshell.com\/wp-content\/uploads\/2023\/04\/s-road-camino-santiago-1180774.jpg?fit=1024%2C768&#038;ssl=1);\" role=\"img\" aria-label=\"peregrinos, camino de santiago-1180774.jpg\"><\/div>\n\t\t\t\t<div class=\"elementor-cta__bg-overlay\"><\/div>\n\t\t\t<\/div>\n\t\t\t\t\t\t\t<div class=\"elementor-cta__content\">\n\t\t\t\t\n\t\t\t\t\t\t\t\t\t<h2 class=\"elementor-cta__title elementor-cta__content-item elementor-content-item\">\n\t\t\t\t\t\tConsejos para peregrinos que recorren el Camino\t\t\t\t\t<\/h2>\n\t\t\t\t\n\t\t\t\t\t\t\t\t\t<div class=\"elementor-cta__description elementor-cta__content-item elementor-content-item\">\n\t\t\t\t\t\t40 asombrosos consejos para que tu peregrinaci\u00f3n al Camino sea un \u00e9xito\t\t\t\t\t<\/div>\n\t\t\t\t\n\t\t\t\t\t\t\t\t\t<div class=\"elementor-cta__button-wrapper elementor-cta__content-item elementor-content-item\">\n\t\t\t\t\t<a class=\"elementor-cta__button elementor-button elementor-size-\" href=\"https:\/\/followtheyellowshell.com\/es\/caminando-por-el-camino-de-santiago\/\">\n\t\t\t\t\t\tLeer el art\u00edculo\t\t\t\t\t<\/a>\n\t\t\t\t\t<\/div>\n\t\t\t\t\t\t\t<\/div>\n\t\t\t\t\t\t<\/div>\n\t\t\t\t\t\t<\/div>\n\t\t\t\t<\/div>\n\t\t\t\t<div class=\"elementor-element elementor-element-6f351ba elementor-widget elementor-widget-image\" data-id=\"6f351ba\" data-element_type=\"widget\" data-e-type=\"widget\" data-widget_type=\"image.default\">\n\t\t\t\t<div class=\"elementor-widget-container\">\n\t\t\t\t\t\t\t\t\t\t\t\t\t\t\t<img loading=\"lazy\" decoding=\"async\" width=\"768\" height=\"1024\" src=\"https:\/\/i0.wp.com\/followtheyellowshell.com\/wp-content\/uploads\/2016\/05\/Viloria-del-Rioja-1-scaled.jpg?fit=768%2C1024&amp;ssl=1\" class=\"attachment-large size-large wp-image-447\" alt=\"Hombre alem\u00e1n sirviendo paella en Viloria de Rioja\" srcset=\"https:\/\/i0.wp.com\/followtheyellowshell.com\/wp-content\/uploads\/2016\/05\/Viloria-del-Rioja-1-scaled.jpg?w=1200&amp;ssl=1 1200w, https:\/\/i0.wp.com\/followtheyellowshell.com\/wp-content\/uploads\/2016\/05\/Viloria-del-Rioja-1-scaled.jpg?resize=225%2C300&amp;ssl=1 225w, https:\/\/i0.wp.com\/followtheyellowshell.com\/wp-content\/uploads\/2016\/05\/Viloria-del-Rioja-1-scaled.jpg?resize=768%2C1024&amp;ssl=1 768w, https:\/\/i0.wp.com\/followtheyellowshell.com\/wp-content\/uploads\/2016\/05\/Viloria-del-Rioja-1-scaled.jpg?resize=113%2C150&amp;ssl=1 113w, https:\/\/i0.wp.com\/followtheyellowshell.com\/wp-content\/uploads\/2016\/05\/Viloria-del-Rioja-1-scaled.jpg?resize=1152%2C1536&amp;ssl=1 1152w, https:\/\/i0.wp.com\/followtheyellowshell.com\/wp-content\/uploads\/2016\/05\/Viloria-del-Rioja-1-scaled.jpg?resize=1536%2C2048&amp;ssl=1 1536w, https:\/\/i0.wp.com\/followtheyellowshell.com\/wp-content\/uploads\/2016\/05\/Viloria-del-Rioja-1-scaled.jpg?resize=900%2C1200&amp;ssl=1 900w, https:\/\/i0.wp.com\/followtheyellowshell.com\/wp-content\/uploads\/2016\/05\/Viloria-del-Rioja-1-scaled.jpg?resize=600%2C800&amp;ssl=1 600w, https:\/\/i0.wp.com\/followtheyellowshell.com\/wp-content\/uploads\/2016\/05\/Viloria-del-Rioja-1-scaled.jpg?resize=300%2C400&amp;ssl=1 300w, https:\/\/i0.wp.com\/followtheyellowshell.com\/wp-content\/uploads\/2016\/05\/Viloria-del-Rioja-1-scaled.jpg?resize=150%2C200&amp;ssl=1 150w, https:\/\/i0.wp.com\/followtheyellowshell.com\/wp-content\/uploads\/2016\/05\/Viloria-del-Rioja-1-scaled.jpg?resize=676%2C901&amp;ssl=1 676w\" sizes=\"(max-width: 768px) 100vw, 768px\" data-attachment-id=\"447\" data-permalink=\"https:\/\/followtheyellowshell.com\/es\/img_2543\/\" data-orig-file=\"https:\/\/i0.wp.com\/followtheyellowshell.com\/wp-content\/uploads\/2016\/05\/Viloria-del-Rioja-1-scaled.jpg?fit=1200%2C1600&amp;ssl=1\" data-orig-size=\"1200,1600\" data-comments-opened=\"1\" data-image-meta=\"{&quot;aperture&quot;:&quot;2.2&quot;,&quot;credit&quot;:&quot;&quot;,&quot;camera&quot;:&quot;iPhone 5s&quot;,&quot;caption&quot;:&quot;&quot;,&quot;created_timestamp&quot;:&quot;1463771998&quot;,&quot;copyright&quot;:&quot;&quot;,&quot;focal_length&quot;:&quot;4.15&quot;,&quot;iso&quot;:&quot;320&quot;,&quot;shutter_speed&quot;:&quot;0.04&quot;,&quot;title&quot;:&quot;&quot;,&quot;orientation&quot;:&quot;1&quot;}\" data-image-title=\"German man serving paella in Viloria del Rioja\" data-image-description=\"&lt;p&gt;German man serving paella in Viloria del Rioja&lt;\/p&gt;\" data-image-caption=\"&lt;p&gt;German man serving paella in Viloria del Rioja&lt;\/p&gt;\" data-large-file=\"https:\/\/i0.wp.com\/followtheyellowshell.com\/wp-content\/uploads\/2016\/05\/Viloria-del-Rioja-1-scaled.jpg?fit=768%2C1024&amp;ssl=1\" \/>\t\t\t\t\t\t\t\t\t\t\t\t\t\t\t<\/div>\n\t\t\t\t<\/div>\n\t\t\t\t<div class=\"elementor-element elementor-element-98f595a elementor-widget elementor-widget-heading\" data-id=\"98f595a\" data-element_type=\"widget\" data-e-type=\"widget\" data-widget_type=\"heading.default\">\n\t\t\t\t<div class=\"elementor-widget-container\">\n\t\t\t\t\t<h2 class=\"elementor-heading-title elementor-size-default\">Alojamiento en Viloria del Rioja<\/h2>\t\t\t\t<\/div>\n\t\t\t\t<\/div>\n\t\t\t\t<div class=\"elementor-element elementor-element-6083ab5 elementor-widget elementor-widget-text-editor\" data-id=\"6083ab5\" data-element_type=\"widget\" data-e-type=\"widget\" data-widget_type=\"text-editor.default\">\n\t\t\t\t<div class=\"elementor-widget-container\">\n\t\t\t\t\t\t\t\t\t<p>Hay un par de albergues en Viloria del Rioja y est\u00e1n all\u00ed principalmente para atender a los peregrinos. Uno es reservable y el otro se puede reservar por tel\u00e9fono.<\/p>\n<p>Si no has probado un\u2018<b>donativo<\/b>\u2018 en el Camino Franc\u00e9s todav\u00eda, te recomiendo que le des una oportunidad.&nbsp;<\/p><p>El Albergue Parada Viloria fue muy bueno.<\/p>\t\t\t\t\t\t\t\t<\/div>\n\t\t\t\t<\/div>\n\t\t\t\t\t<\/div>\n\t\t<\/div>\n\t\t\t\t\t<\/div>\n\t\t<\/section>\n\t\t\t\t<section class=\"elementor-section elementor-top-section elementor-element elementor-element-2e84e3f5 elementor-section-boxed elementor-section-height-default elementor-section-height-default\" data-id=\"2e84e3f5\" data-element_type=\"section\" data-e-type=\"section\" data-settings=\"{&quot;background_background&quot;:&quot;classic&quot;}\">\n\t\t\t\t\t\t<div class=\"elementor-container elementor-column-gap-default\">\n\t\t\t\t\t<div class=\"elementor-column elementor-col-66 elementor-top-column elementor-element elementor-element-41dc3fe6\" data-id=\"41dc3fe6\" data-element_type=\"column\" data-e-type=\"column\">\n\t\t\t<div class=\"elementor-widget-wrap elementor-element-populated\">\n\t\t\t\t\t\t<div class=\"elementor-element elementor-element-73eaf5d8 elementor-widget elementor-widget-text-editor\" data-id=\"73eaf5d8\" data-element_type=\"widget\" data-e-type=\"widget\" data-widget_type=\"text-editor.default\">\n\t\t\t\t<div class=\"elementor-widget-container\">\n\t\t\t\t\t\t\t\t\t<p class=\"property-name\"><strong>Refugio Acacio y Orietta<\/strong><\/p>\t\t\t\t\t\t\t\t<\/div>\n\t\t\t\t<\/div>\n\t\t\t\t<div class=\"elementor-element elementor-element-418b6204 elementor-icon-list--layout-traditional elementor-list-item-link-full_width elementor-widget elementor-widget-icon-list\" data-id=\"418b6204\" data-element_type=\"widget\" data-e-type=\"widget\" data-widget_type=\"icon-list.default\">\n\t\t\t\t<div class=\"elementor-widget-container\">\n\t\t\t\t\t\t\t<ul class=\"elementor-icon-list-items\">\n\t\t\t\t\t\t\t<li class=\"elementor-icon-list-item\">\n\t\t\t\t\t\t\t\t\t\t\t<span class=\"elementor-icon-list-icon\">\n\t\t\t\t\t\t\t<i aria-hidden=\"true\" class=\"fas fa-star\"><\/i>\t\t\t\t\t\t<\/span>\n\t\t\t\t\t\t\t\t\t\t<span class=\"elementor-icon-list-text\">10 camas<\/span>\n\t\t\t\t\t\t\t\t\t<\/li>\n\t\t\t\t\t\t\t\t<li class=\"elementor-icon-list-item\">\n\t\t\t\t\t\t\t\t\t\t\t<span class=\"elementor-icon-list-icon\">\n\t\t\t\t\t\t\t<i aria-hidden=\"true\" class=\"fas fa-star\"><\/i>\t\t\t\t\t\t<\/span>\n\t\t\t\t\t\t\t\t\t\t<span class=\"elementor-icon-list-text\">75 \u20ac individual<\/span>\n\t\t\t\t\t\t\t\t\t<\/li>\n\t\t\t\t\t\t\t\t<li class=\"elementor-icon-list-item\">\n\t\t\t\t\t\t\t\t\t\t\t<span class=\"elementor-icon-list-icon\">\n\t\t\t\t\t\t\t<i aria-hidden=\"true\" class=\"fas fa-star\"><\/i>\t\t\t\t\t\t<\/span>\n\t\t\t\t\t\t\t\t\t\t<span class=\"elementor-icon-list-text\">Servicios - Ba\u00f1os privados<\/span>\n\t\t\t\t\t\t\t\t\t<\/li>\n\t\t\t\t\t\t\t\t<li class=\"elementor-icon-list-item\">\n\t\t\t\t\t\t\t\t\t\t\t<span class=\"elementor-icon-list-icon\">\n\t\t\t\t\t\t\t<i aria-hidden=\"true\" class=\"fas fa-star\"><\/i>\t\t\t\t\t\t<\/span>\n\t\t\t\t\t\t\t\t\t\t<span class=\"elementor-icon-list-text\">Marzo a octubre<\/span>\n\t\t\t\t\t\t\t\t\t<\/li>\n\t\t\t\t\t\t\t\t<li class=\"elementor-icon-list-item\">\n\t\t\t\t\t\t\t\t\t\t\t<a href=\"https:\/\/www.google.com\/maps\/place\/09259+Viloria+de+Rioja,+Burgos,+Spain\/@42.4258371,-3.1012088,17z\/data=!3m1!4b1!4m5!3m4!1s0xd45820134922f93:0x1d3af7d02901ce04!8m2!3d42.4263533!4d-3.1008348\" target=\"_blank\" rel=\"noopener\">\n\n\t\t\t\t\t\t\t\t\t\t\t\t<span class=\"elementor-icon-list-icon\">\n\t\t\t\t\t\t\t<i aria-hidden=\"true\" class=\"fas fa-map-marker-alt\"><\/i>\t\t\t\t\t\t<\/span>\n\t\t\t\t\t\t\t\t\t\t<span class=\"elementor-icon-list-text\">Mostrar en el mapa<\/span>\n\t\t\t\t\t\t\t\t\t\t\t<\/a>\n\t\t\t\t\t\t\t\t\t<\/li>\n\t\t\t\t\t\t<\/ul>\n\t\t\t\t\t\t<\/div>\n\t\t\t\t<\/div>\n\t\t\t\t\t<\/div>\n\t\t<\/div>\n\t\t\t\t<div class=\"elementor-column elementor-col-33 elementor-top-column elementor-element elementor-element-183a75a\" data-id=\"183a75a\" data-element_type=\"column\" data-e-type=\"column\">\n\t\t\t<div class=\"elementor-widget-wrap elementor-element-populated\">\n\t\t\t\t\t\t<div class=\"elementor-element elementor-element-996204b elementor-widget elementor-widget-image\" data-id=\"996204b\" data-element_type=\"widget\" data-e-type=\"widget\" data-widget_type=\"image.default\">\n\t\t\t\t<div class=\"elementor-widget-container\">\n\t\t\t\t\t\t\t\t\t\t\t\t\t\t\t<img loading=\"lazy\" decoding=\"async\" width=\"120\" height=\"20\" src=\"https:\/\/i0.wp.com\/followtheyellowshell.com\/wp-content\/uploads\/2022\/08\/120px-Booking.com_logo.png?fit=120%2C20&amp;ssl=1\" class=\"attachment-large size-large wp-image-6725\" alt=\"reserva Logotipo\" data-attachment-id=\"6725\" data-permalink=\"https:\/\/followtheyellowshell.com\/es\/camino-frances-dia-2\/120px-booking-com_logo\/\" data-orig-file=\"https:\/\/i0.wp.com\/followtheyellowshell.com\/wp-content\/uploads\/2022\/08\/120px-Booking.com_logo.png?fit=120%2C20&amp;ssl=1\" data-orig-size=\"120,20\" data-comments-opened=\"1\" data-image-meta=\"{&quot;aperture&quot;:&quot;0&quot;,&quot;credit&quot;:&quot;&quot;,&quot;camera&quot;:&quot;&quot;,&quot;caption&quot;:&quot;&quot;,&quot;created_timestamp&quot;:&quot;0&quot;,&quot;copyright&quot;:&quot;&quot;,&quot;focal_length&quot;:&quot;0&quot;,&quot;iso&quot;:&quot;0&quot;,&quot;shutter_speed&quot;:&quot;0&quot;,&quot;title&quot;:&quot;&quot;,&quot;orientation&quot;:&quot;0&quot;}\" data-image-title=\"booking Logo\" data-image-description=\"&lt;p&gt;booking Logo&lt;\/p&gt;\" data-image-caption=\"&lt;p&gt;booking Logo&lt;\/p&gt;\" data-large-file=\"https:\/\/i0.wp.com\/followtheyellowshell.com\/wp-content\/uploads\/2022\/08\/120px-Booking.com_logo.png?fit=120%2C20&amp;ssl=1\" \/>\t\t\t\t\t\t\t\t\t\t\t\t\t\t\t<\/div>\n\t\t\t\t<\/div>\n\t\t\t\t<div class=\"elementor-element elementor-element-140dc114 elementor-widget__width-inherit elementor-align-center elementor-widget elementor-widget-button\" data-id=\"140dc114\" data-element_type=\"widget\" data-e-type=\"widget\" data-widget_type=\"button.default\">\n\t\t\t\t<div class=\"elementor-widget-container\">\n\t\t\t\t\t\t\t\t\t<div class=\"elementor-button-wrapper\">\n\t\t\t\t\t<a class=\"elementor-button elementor-button-link elementor-size-sm\" href=\"https:\/\/www.booking.com\/searchresults.en.html?city=-408736&#038;aid=7928239&#038;no_rooms=1&#038;group_adults=2\" target=\"_blank\" rel=\"noopener\">\n\t\t\t\t\t\t<span class=\"elementor-button-content-wrapper\">\n\t\t\t\t\t\t\t\t\t<span class=\"elementor-button-text\">reserve aqu\u00ed<\/span>\n\t\t\t\t\t<\/span>\n\t\t\t\t\t<\/a>\n\t\t\t\t<\/div>\n\t\t\t\t\t\t\t\t<\/div>\n\t\t\t\t<\/div>\n\t\t\t\t\t<\/div>\n\t\t<\/div>\n\t\t\t\t\t<\/div>\n\t\t<\/section>\n\t\t\t\t<section class=\"elementor-section elementor-top-section elementor-element elementor-element-7375b89 elementor-section-boxed elementor-section-height-default elementor-section-height-default\" data-id=\"7375b89\" data-element_type=\"section\" data-e-type=\"section\" data-settings=\"{&quot;background_background&quot;:&quot;classic&quot;}\">\n\t\t\t\t\t\t<div class=\"elementor-container elementor-column-gap-default\">\n\t\t\t\t\t<div class=\"elementor-column elementor-col-66 elementor-top-column elementor-element elementor-element-0ee76ee\" data-id=\"0ee76ee\" data-element_type=\"column\" data-e-type=\"column\">\n\t\t\t<div class=\"elementor-widget-wrap elementor-element-populated\">\n\t\t\t\t\t\t<div class=\"elementor-element elementor-element-0c05eb3 elementor-widget elementor-widget-text-editor\" data-id=\"0c05eb3\" data-element_type=\"widget\" data-e-type=\"widget\" data-widget_type=\"text-editor.default\">\n\t\t\t\t<div class=\"elementor-widget-container\">\n\t\t\t\t\t\t\t\t\t<p class=\"property-name\"><strong>Parada Viloria albergue<\/strong><\/p>\t\t\t\t\t\t\t\t<\/div>\n\t\t\t\t<\/div>\n\t\t\t\t<div class=\"elementor-element elementor-element-8e410d3 elementor-icon-list--layout-traditional elementor-list-item-link-full_width elementor-widget elementor-widget-icon-list\" data-id=\"8e410d3\" data-element_type=\"widget\" data-e-type=\"widget\" data-widget_type=\"icon-list.default\">\n\t\t\t\t<div class=\"elementor-widget-container\">\n\t\t\t\t\t\t\t<ul class=\"elementor-icon-list-items\">\n\t\t\t\t\t\t\t<li class=\"elementor-icon-list-item\">\n\t\t\t\t\t\t\t\t\t\t\t<span class=\"elementor-icon-list-icon\">\n\t\t\t\t\t\t\t<i aria-hidden=\"true\" class=\"fas fa-star\"><\/i>\t\t\t\t\t\t<\/span>\n\t\t\t\t\t\t\t\t\t\t<span class=\"elementor-icon-list-text\">16 camas<\/span>\n\t\t\t\t\t\t\t\t\t<\/li>\n\t\t\t\t\t\t\t\t<li class=\"elementor-icon-list-item\">\n\t\t\t\t\t\t\t\t\t\t\t<span class=\"elementor-icon-list-icon\">\n\t\t\t\t\t\t\t<i aria-hidden=\"true\" class=\"fas fa-star\"><\/i>\t\t\t\t\t\t<\/span>\n\t\t\t\t\t\t\t\t\t\t<span class=\"elementor-icon-list-text\">Sugerencia de donativo de 8 \u20ac<\/span>\n\t\t\t\t\t\t\t\t\t<\/li>\n\t\t\t\t\t\t\t\t<li class=\"elementor-icon-list-item\">\n\t\t\t\t\t\t\t\t\t\t\t<span class=\"elementor-icon-list-icon\">\n\t\t\t\t\t\t\t<i aria-hidden=\"true\" class=\"fas fa-star\"><\/i>\t\t\t\t\t\t<\/span>\n\t\t\t\t\t\t\t\t\t\t<span class=\"elementor-icon-list-text\">Servicios - Ba\u00f1os compartidos<\/span>\n\t\t\t\t\t\t\t\t\t<\/li>\n\t\t\t\t\t\t\t\t<li class=\"elementor-icon-list-item\">\n\t\t\t\t\t\t\t\t\t\t\t<span class=\"elementor-icon-list-icon\">\n\t\t\t\t\t\t\t<i aria-hidden=\"true\" class=\"fas fa-star\"><\/i>\t\t\t\t\t\t<\/span>\n\t\t\t\t\t\t\t\t\t\t<span class=\"elementor-icon-list-text\">Marzo a octubre<\/span>\n\t\t\t\t\t\t\t\t\t<\/li>\n\t\t\t\t\t\t\t\t<li class=\"elementor-icon-list-item\">\n\t\t\t\t\t\t\t\t\t\t\t<a href=\"https:\/\/www.google.com\/maps\/place\/09259+Viloria+de+Rioja,+Burgos,+Spain\/@42.4258371,-3.1012088,17z\/data=!3m1!4b1!4m5!3m4!1s0xd45820134922f93:0x1d3af7d02901ce04!8m2!3d42.4263533!4d-3.1008348\" target=\"_blank\" rel=\"noopener\">\n\n\t\t\t\t\t\t\t\t\t\t\t\t<span class=\"elementor-icon-list-icon\">\n\t\t\t\t\t\t\t<i aria-hidden=\"true\" class=\"fas fa-map-marker-alt\"><\/i>\t\t\t\t\t\t<\/span>\n\t\t\t\t\t\t\t\t\t\t<span class=\"elementor-icon-list-text\">Mostrar en el mapa<\/span>\n\t\t\t\t\t\t\t\t\t\t\t<\/a>\n\t\t\t\t\t\t\t\t\t<\/li>\n\t\t\t\t\t\t<\/ul>\n\t\t\t\t\t\t<\/div>\n\t\t\t\t<\/div>\n\t\t\t\t\t<\/div>\n\t\t<\/div>\n\t\t\t\t<div class=\"elementor-column elementor-col-33 elementor-top-column elementor-element elementor-element-172eee6\" data-id=\"172eee6\" data-element_type=\"column\" data-e-type=\"column\">\n\t\t\t<div class=\"elementor-widget-wrap elementor-element-populated\">\n\t\t\t\t\t\t<div class=\"elementor-element elementor-element-0ffcb35 elementor-widget__width-inherit elementor-align-center elementor-widget elementor-widget-button\" data-id=\"0ffcb35\" data-element_type=\"widget\" data-e-type=\"widget\" data-widget_type=\"button.default\">\n\t\t\t\t<div class=\"elementor-widget-container\">\n\t\t\t\t\t\t\t\t\t<div class=\"elementor-button-wrapper\">\n\t\t\t\t\t<a class=\"elementor-button elementor-button-link elementor-size-sm\" href=\"#\">\n\t\t\t\t\t\t<span class=\"elementor-button-content-wrapper\">\n\t\t\t\t\t\t\t\t\t<span class=\"elementor-button-text\">Llame para reservar<\/span>\n\t\t\t\t\t<\/span>\n\t\t\t\t\t<\/a>\n\t\t\t\t<\/div>\n\t\t\t\t\t\t\t\t<\/div>\n\t\t\t\t<\/div>\n\t\t\t\t<div class=\"elementor-element elementor-element-e9ef33e elementor-widget elementor-widget-text-editor\" data-id=\"e9ef33e\" data-element_type=\"widget\" data-e-type=\"widget\" data-widget_type=\"text-editor.default\">\n\t\t\t\t<div class=\"elementor-widget-container\">\n\t\t\t\t\t\t\t\t\t<p><a href=\"tel:+34 639 45 16 60\">+34 639 45 16 60<\/a><\/p>\t\t\t\t\t\t\t\t<\/div>\n\t\t\t\t<\/div>\n\t\t\t\t\t<\/div>\n\t\t<\/div>\n\t\t\t\t\t<\/div>\n\t\t<\/section>\n\t\t\t\t<section class=\"elementor-section elementor-top-section elementor-element elementor-element-ceebcd1 elementor-section-boxed elementor-section-height-default elementor-section-height-default\" data-id=\"ceebcd1\" data-element_type=\"section\" data-e-type=\"section\">\n\t\t\t\t\t\t<div class=\"elementor-container elementor-column-gap-default\">\n\t\t\t\t\t<div class=\"elementor-column elementor-col-100 elementor-top-column elementor-element elementor-element-a448dbb\" data-id=\"a448dbb\" data-element_type=\"column\" data-e-type=\"column\">\n\t\t\t<div class=\"elementor-widget-wrap elementor-element-populated\">\n\t\t\t\t\t\t<div class=\"elementor-element elementor-element-6d628ed elementor-widget elementor-widget-text-editor\" data-id=\"6d628ed\" data-element_type=\"widget\" data-e-type=\"widget\" data-widget_type=\"text-editor.default\">\n\t\t\t\t<div class=\"elementor-widget-container\">\n\t\t\t\t\t\t\t\t\t<p>Espero que hayas disfrutado leyendo sobre la etapa de caminata del D\u00eda 8, Azofra a Viloria del Rioja. Fue una gran etapa de caminata en el Camino Franc\u00e9s.<\/p><p><span style=\"font-style: inherit; color: var(--ast-global-color-3); background-color: var(--ast-global-color-4);\">Para seguir nuestro viaje, lea sobre nuestros viajes en <a href=\"https:\/\/followtheyellowshell.com\/es\/camino-frances-dia-9-villari-del-rioja-a-villafranca-montes-de-oca\/\">D\u00eda 9 Viloria del Rioja a Villafranca Montes de Oca<\/a><\/span><\/p>\t\t\t\t\t\t\t\t<\/div>\n\t\t\t\t<\/div>\n\t\t\t\t<div class=\"elementor-element elementor-element-c4db0a1 elementor-grid-1 elementor-grid-tablet-2 elementor-grid-mobile-1 elementor-posts--thumbnail-top elementor-posts--show-avatar elementor-card-shadow-yes elementor-posts__hover-gradient elementor-widget elementor-widget-posts\" data-id=\"c4db0a1\" data-element_type=\"widget\" data-e-type=\"widget\" data-settings=\"{&quot;cards_columns&quot;:&quot;1&quot;,&quot;cards_columns_tablet&quot;:&quot;2&quot;,&quot;cards_columns_mobile&quot;:&quot;1&quot;,&quot;cards_row_gap&quot;:{&quot;unit&quot;:&quot;px&quot;,&quot;size&quot;:35,&quot;sizes&quot;:[]},&quot;cards_row_gap_tablet&quot;:{&quot;unit&quot;:&quot;px&quot;,&quot;size&quot;:&quot;&quot;,&quot;sizes&quot;:[]},&quot;cards_row_gap_mobile&quot;:{&quot;unit&quot;:&quot;px&quot;,&quot;size&quot;:&quot;&quot;,&quot;sizes&quot;:[]}}\" data-widget_type=\"posts.cards\">\n\t\t\t\t<div class=\"elementor-widget-container\">\n\t\t\t\t\t\t\t<div class=\"elementor-posts-container elementor-posts elementor-posts--skin-cards elementor-grid\" role=\"list\">\n\t\t\t\t<article class=\"elementor-post elementor-grid-item post-438 post type-post status-publish format-standard has-post-thumbnail hentry category-camino-frances-2016 tag-villafranca-montes-de-oca tag-viloria-del-rioja\" role=\"listitem\">\n\t\t\t<div class=\"elementor-post__card\">\n\t\t\t\t<a class=\"elementor-post__thumbnail__link\" href=\"https:\/\/followtheyellowshell.com\/es\/camino-frances-dia-9-villari-del-rioja-a-villafranca-montes-de-oca\/\" tabindex=\"-1\" target=\"_blank\"><div class=\"elementor-post__thumbnail\"><img loading=\"lazy\" decoding=\"async\" width=\"300\" height=\"225\" src=\"https:\/\/i0.wp.com\/followtheyellowshell.com\/wp-content\/uploads\/2016\/05\/img_2556.jpg?fit=300%2C225&amp;ssl=1\" class=\"attachment-medium size-medium wp-image-440\" alt=\"villafranca montes de Oca\" data-attachment-id=\"440\" data-permalink=\"https:\/\/followtheyellowshell.com\/es\/img_2556\/\" data-orig-file=\"https:\/\/i0.wp.com\/followtheyellowshell.com\/wp-content\/uploads\/2016\/05\/img_2556.jpg?fit=1600%2C1200&amp;ssl=1\" data-orig-size=\"1600,1200\" data-comments-opened=\"1\" data-image-meta=\"{&quot;aperture&quot;:&quot;2.2&quot;,&quot;credit&quot;:&quot;&quot;,&quot;camera&quot;:&quot;iPhone 5s&quot;,&quot;caption&quot;:&quot;&quot;,&quot;created_timestamp&quot;:&quot;1463833343&quot;,&quot;copyright&quot;:&quot;&quot;,&quot;focal_length&quot;:&quot;4.15&quot;,&quot;iso&quot;:&quot;32&quot;,&quot;shutter_speed&quot;:&quot;0.00029197080291971&quot;,&quot;title&quot;:&quot;&quot;,&quot;orientation&quot;:&quot;1&quot;}\" data-image-title=\"villafranca montes de Oca\" data-image-description=\"&lt;p&gt;villafranca montes de Oca&lt;\/p&gt;\" data-image-caption=\"&lt;p&gt;villafranca montes de Oca&lt;\/p&gt;\" data-large-file=\"https:\/\/i0.wp.com\/followtheyellowshell.com\/wp-content\/uploads\/2016\/05\/img_2556.jpg?fit=1024%2C768&amp;ssl=1\" \/><\/div><\/a>\n\t\t\t\t<div class=\"elementor-post__badge\">Camino Franc\u00e9s<\/div>\n\t\t\t\t<div class=\"elementor-post__avatar\">\n\t\t\t<img alt='Mark Stevens' src='https:\/\/secure.gravatar.com\/avatar\/61af770c2746ffeac7546dee9536ded8a15da57ed9941f5f96724cfd0d7b96d6?s=128&#038;d=identicon&#038;r=g' srcset='https:\/\/secure.gravatar.com\/avatar\/61af770c2746ffeac7546dee9536ded8a15da57ed9941f5f96724cfd0d7b96d6?s=256&#038;d=identicon&#038;r=g 2x' class='avatar avatar-128 photo' height='128' width='128' \/>\t\t<\/div>\n\t\t\t\t<div class=\"elementor-post__text\">\n\t\t\t\t<div class=\"elementor-post__title\">\n\t\t\t<a href=\"https:\/\/followtheyellowshell.com\/es\/camino-frances-dia-9-villari-del-rioja-a-villafranca-montes-de-oca\/\">\n\t\t\t\tCamino Franc\u00e9s D\u00eda 9 Viloria del Rioja a Villafranca Montes de Oca\t\t\t<\/a>\n\t\t<\/div>\n\t\t\n\t\t<a class=\"elementor-post__read-more\" href=\"https:\/\/followtheyellowshell.com\/es\/camino-frances-dia-9-villari-del-rioja-a-villafranca-montes-de-oca\/\" aria-label=\"M\u00e1s informaci\u00f3n sobre Camino Frances Day 9 Viloria del Rioja to Villafranca Montes de Oca\" tabindex=\"-1\" target=\"_blank\">\n\t\t\tLeer M\u00e1s \u00bb\t\t<\/a>\n\n\t\t\t\t<\/div>\n\t\t\t\t\t<\/div>\n\t\t<\/article>\n\t\t\t\t<\/div>\n\t\t\n\t\t\t\t\t\t<\/div>\n\t\t\t\t<\/div>\n\t\t\t\t\t<\/div>\n\t\t<\/div>\n\t\t\t\t\t<\/div>\n\t\t<\/section>\n\t\t\t\t<\/div>","protected":false},"excerpt":{"rendered":"<p>Today&#8217;s stage on the Camino de Santiago is Day 8 Azofra to Viloria del Rioja, another quiet town on the Camino Frances.\u00a0 If you haven&#8217;t stayed in a &#8216;donativo&#8216; albergue read<\/p>","protected":false},"author":76405655,"featured_media":7983,"comment_status":"open","ping_status":"open","sticky":false,"template":"","format":"standard","meta":{"site-sidebar-layout":"default","site-content-layout":"","ast-site-content-layout":"default","site-content-style":"default","site-sidebar-style":"default","ast-global-header-display":"","ast-banner-title-visibility":"","ast-main-header-display":"","ast-hfb-above-header-display":"","ast-hfb-below-header-display":"","ast-hfb-mobile-header-display":"","site-post-title":"","ast-breadcrumbs-content":"","ast-featured-img":"","footer-sml-layout":"","theme-transparent-header-meta":"","adv-header-id-meta":"","stick-header-meta":"","header-above-stick-meta":"","header-main-stick-meta":"","header-below-stick-meta":"","astra-migrate-meta-layouts":"set","ast-page-background-enabled":"default","ast-page-background-meta":{"desktop":{"background-color":"","background-image":"","background-repeat":"repeat","background-position":"center center","background-size":"auto","background-attachment":"scroll","background-type":"","background-media":"","overlay-type":"","overlay-color":"","overlay-gradient":""},"tablet":{"background-color":"","background-image":"","background-repeat":"repeat","background-position":"center center","background-size":"auto","background-attachment":"scroll","background-type":"","background-media":"","overlay-type":"","overlay-color":"","overlay-gradient":""},"mobile":{"background-color":"","background-image":"","background-repeat":"repeat","background-position":"center center","background-size":"auto","background-attachment":"scroll","background-type":"","background-media":"","overlay-type":"","overlay-color":"","overlay-gradient":""}},"ast-content-background-meta":{"desktop":{"background-color":"var(--ast-global-color-5)","background-image":"","background-repeat":"repeat","background-position":"center center","background-size":"auto","background-attachment":"scroll","background-type":"","background-media":"","overlay-type":"","overlay-color":"","overlay-gradient":""},"tablet":{"background-color":"var(--ast-global-color-5)","background-image":"","background-repeat":"repeat","background-position":"center center","background-size":"auto","background-attachment":"scroll","background-type":"","background-media":"","overlay-type":"","overlay-color":"","overlay-gradient":""},"mobile":{"background-color":"var(--ast-global-color-5)","background-image":"","background-repeat":"repeat","background-position":"center center","background-size":"auto","background-attachment":"scroll","background-type":"","background-media":"","overlay-type":"","overlay-color":"","overlay-gradient":""}},"_jetpack_newsletter_access":"","_jetpack_dont_email_post_to_subs":false,"_jetpack_newsletter_tier_id":0,"_jetpack_memberships_contains_paywalled_content":false,"_wpcom_ai_launchpad_first_post":false,"_jetpack_feature_clip_id":0,"_jetpack_memberships_contains_paid_content":false,"footnotes":"","jetpack_publicize_message":"{title}\n\n{excerpt}\n\n{url}","jetpack_publicize_feature_enabled":true,"jetpack_social_post_already_shared":true,"jetpack_social_options":{"image_generator_settings":{"template":"highway","default_image_id":0,"font":"","enabled":false},"version":2},"_wpas_customize_per_network":false,"jetpack_post_was_ever_published":false},"categories":[438393300],"tags":[438393611,438393612,438393627],"class_list":["post-424","post","type-post","status-publish","format-standard","has-post-thumbnail","hentry","category-camino-frances-2016","tag-azofra","tag-santa-domingo-de-la-calzada","tag-viloria-del-rioja"],"jetpack_publicize_connections":[],"jetpack_likes_enabled":true,"jetpack_sharing_enabled":true,"jetpack_shortlink":"https:\/\/wp.me\/p5qlUV-6Q","jetpack_featured_media_url":"https:\/\/i0.wp.com\/followtheyellowshell.com\/wp-content\/uploads\/2016\/05\/Pilgrims-on-the-Camino-in-a-field-of-poppies.jpg?fit=1600%2C664&ssl=1","_links":{"self":[{"href":"https:\/\/followtheyellowshell.com\/es\/wp-json\/wp\/v2\/posts\/424","targetHints":{"allow":["GET"]}}],"collection":[{"href":"https:\/\/followtheyellowshell.com\/es\/wp-json\/wp\/v2\/posts"}],"about":[{"href":"https:\/\/followtheyellowshell.com\/es\/wp-json\/wp\/v2\/types\/post"}],"author":[{"embeddable":true,"href":"https:\/\/followtheyellowshell.com\/es\/wp-json\/wp\/v2\/users\/76405655"}],"replies":[{"embeddable":true,"href":"https:\/\/followtheyellowshell.com\/es\/wp-json\/wp\/v2\/comments?post=424"}],"version-history":[{"count":100,"href":"https:\/\/followtheyellowshell.com\/es\/wp-json\/wp\/v2\/posts\/424\/revisions"}],"predecessor-version":[{"id":18150,"href":"https:\/\/followtheyellowshell.com\/es\/wp-json\/wp\/v2\/posts\/424\/revisions\/18150"}],"wp:featuredmedia":[{"embeddable":true,"href":"https:\/\/followtheyellowshell.com\/es\/wp-json\/wp\/v2\/media\/7983"}],"wp:attachment":[{"href":"https:\/\/followtheyellowshell.com\/es\/wp-json\/wp\/v2\/media?parent=424"}],"wp:term":[{"taxonomy":"category","embeddable":true,"href":"https:\/\/followtheyellowshell.com\/es\/wp-json\/wp\/v2\/categories?post=424"},{"taxonomy":"post_tag","embeddable":true,"href":"https:\/\/followtheyellowshell.com\/es\/wp-json\/wp\/v2\/tags?post=424"}],"curies":[{"name":"wp","href":"https:\/\/api.w.org\/{rel}","templated":true}]}}