{"id":357,"date":"2026-08-17T22:20:26","date_gmt":"2026-08-17T21:20:26","guid":{"rendered":"https:\/\/followtheyellowshell.com\/?p=357"},"modified":"2026-08-17T22:26:16","modified_gmt":"2026-08-17T21:26:16","slug":"ankunftstag-in-saint-jean-pied-de-port","status":"publish","type":"post","link":"https:\/\/followtheyellowshell.com\/de\/ankunftstag-in-saint-jean-pied-de-port\/","title":{"rendered":"Ankunftstag in St. Jean Pied de Port"},"content":{"rendered":"<div data-elementor-type=\"wp-post\" data-elementor-id=\"357\" class=\"elementor elementor-357\" data-elementor-post-type=\"post\">\n\t\t\t\t\t\t<section class=\"elementor-section elementor-top-section elementor-element elementor-element-a082227 elementor-section-boxed elementor-section-height-default elementor-section-height-default\" data-id=\"a082227\" data-element_type=\"section\" data-e-type=\"section\">\n\t\t\t\t\t\t<div class=\"elementor-container elementor-column-gap-default\">\n\t\t\t\t\t<div class=\"elementor-column elementor-col-100 elementor-top-column elementor-element elementor-element-78466a4\" data-id=\"78466a4\" data-element_type=\"column\" data-e-type=\"column\">\n\t\t\t<div class=\"elementor-widget-wrap elementor-element-populated\">\n\t\t\t\t\t\t<div class=\"elementor-element elementor-element-d79c54d elementor-widget elementor-widget-text-editor\" data-id=\"d79c54d\" data-element_type=\"widget\" data-e-type=\"widget\" data-widget_type=\"text-editor.default\">\n\t\t\t\t<div class=\"elementor-widget-container\">\n\t\t\t\t\t\t\t\t\t<p>Es ist Ankunftstag in St. Jean Pied de Port und der Tag ist endlich gekommen. Nach zweij\u00e4hriger Planung bin ich bereit, den ber\u00fchmten spanischen Camino und Pilgerweg nach Santiago de Compostela zu gehen, den Camino Franc\u00e9s oder Franz\u00f6sischen Weg.<\/p><p>Wir haben unseren Pilgerpass vom Passamt im Stadtzentrum und sind bereit, mit dem Wandern zu beginnen.<\/p>\t\t\t\t\t\t\t\t<\/div>\n\t\t\t\t<\/div>\n\t\t\t\t<div class=\"elementor-element elementor-element-074a000 elementor-widget elementor-widget-heading\" data-id=\"074a000\" data-element_type=\"widget\" data-e-type=\"widget\" data-widget_type=\"heading.default\">\n\t\t\t\t<div class=\"elementor-widget-container\">\n\t\t\t\t\t<h2 class=\"elementor-heading-title elementor-size-default\">Ankunftstag \u00dcberblick<\/h2>\t\t\t\t<\/div>\n\t\t\t\t<\/div>\n\t\t\t\t<div class=\"elementor-element elementor-element-8a6bb40 elementor-widget elementor-widget-text-editor\" data-id=\"8a6bb40\" data-element_type=\"widget\" data-e-type=\"widget\" data-widget_type=\"text-editor.default\">\n\t\t\t\t<div class=\"elementor-widget-container\">\n\t\t\t\t\t\t\t\t\t<ul><li>Startstadt \u2013 London<\/li><li>Verbindung \u2013 Paris<\/li><li>Ankunftsstadt \u2013 Bayonne<\/li><\/ul><p>Ich bin seit \u00fcber 20 Monaten spazieren und trainiere in Vorbereitung auf diesen erstaunlichen Spaziergang und ich f\u00fchle mich bereit.,\u00a0<span style=\"font-style: inherit; color: var(--ast-global-color-3); background-color: var(--ast-global-color-4);\">w\u00e4hrend ich nerv\u00f6s bin wegen der 28 Tage, die vor mir liegen, und mir dabei oft folgenden Gedanken mache.<\/span><\/p><p><strong>Werden wir Santiago de Compostela in 28 Tagen erreichen? Werde ich es schaffen, Tag f\u00fcr Tag zu gehen?<\/strong><\/p><p><span style=\"font-style: inherit; color: var(--ast-global-color-3); background-color: var(--ast-global-color-4);\">Nach einem fr\u00fchen Start um 4 Uhr heute Morgen nahmen wir den Eurostar-Schnellzug nach Paris und dann einen Anschlusszug nach Bayonne, was wirklich sehr nett war.\u00a0<\/span><\/p><p><span style=\"font-style: inherit; color: var(--ast-global-color-3); background-color: var(--ast-global-color-4);\">Wir tranken ein paar Bier und spielten die ganze Zeit Karten.<\/span><\/p><p>Wir sind endlich auf dem Weg nach St. Jean Pied de Port, dem traditionellen Startpunkt des Camino Franc\u00e9s.\u00a0<\/p><p>Es breitet sich ein Gef\u00fchl der Aufregung aus, obwohl wir bereits m\u00fcde sind.<\/p><p>Wir kamen gegen 16:30 Uhr in Saint-Jean-Pied-de-Port an, besuchten das Pilgerb\u00fcro und registrierten uns, um unseren <a href=\"https:\/\/followtheyellowshell.com\/de\/camino-pilgerpass\/\">Pilgerausweis<\/a> die wir bei jedem abstempeln lassen m\u00fcssen <a href=\"http:\/\/caminoalbergue.com\" target=\"_blank\" rel=\"noopener\">albergue<\/a> oder Herberge, in der wir unterwegs sind.<\/p><p>Es wird empfohlen, 2 Stempel pro Tag zu sammeln, und wir haben die Absicht, das jeden Tag zu tun.<\/p>\t\t\t\t\t\t\t\t<\/div>\n\t\t\t\t<\/div>\n\t\t\t\t<div class=\"elementor-element elementor-element-98675f2 elementor-widget elementor-widget-image\" data-id=\"98675f2\" data-element_type=\"widget\" data-e-type=\"widget\" data-widget_type=\"image.default\">\n\t\t\t\t<div class=\"elementor-widget-container\">\n\t\t\t\t\t\t\t\t\t\t\t\t<figure class=\"wp-caption\">\n\t\t\t\t\t\t\t\t\t\t<img fetchpriority=\"high\" decoding=\"async\" width=\"1024\" height=\"768\" src=\"https:\/\/i0.wp.com\/followtheyellowshell.com\/wp-content\/uploads\/2016\/05\/pilgrims-in-st-jean-pied-du-pont.jpg?fit=1024%2C768&amp;ssl=1\" class=\"attachment-large size-large wp-image-13801\" alt=\"Pilger in Saint-Jean-Pied-de-Port\" srcset=\"https:\/\/i0.wp.com\/followtheyellowshell.com\/wp-content\/uploads\/2016\/05\/pilgrims-in-st-jean-pied-du-pont.jpg?w=1200&amp;ssl=1 1200w, https:\/\/i0.wp.com\/followtheyellowshell.com\/wp-content\/uploads\/2016\/05\/pilgrims-in-st-jean-pied-du-pont.jpg?resize=300%2C225&amp;ssl=1 300w, https:\/\/i0.wp.com\/followtheyellowshell.com\/wp-content\/uploads\/2016\/05\/pilgrims-in-st-jean-pied-du-pont.jpg?resize=1024%2C768&amp;ssl=1 1024w, https:\/\/i0.wp.com\/followtheyellowshell.com\/wp-content\/uploads\/2016\/05\/pilgrims-in-st-jean-pied-du-pont.jpg?resize=150%2C113&amp;ssl=1 150w, https:\/\/i0.wp.com\/followtheyellowshell.com\/wp-content\/uploads\/2016\/05\/pilgrims-in-st-jean-pied-du-pont.jpg?resize=768%2C576&amp;ssl=1 768w\" sizes=\"(max-width: 1024px) 100vw, 1024px\" data-attachment-id=\"13801\" data-permalink=\"https:\/\/followtheyellowshell.com\/arrival-day-in-st-jean-pied-de-port\/pilgrims-in-st-jean-pied-du-pont\/\" data-orig-file=\"https:\/\/i0.wp.com\/followtheyellowshell.com\/wp-content\/uploads\/2016\/05\/pilgrims-in-st-jean-pied-du-pont.jpg?fit=1200%2C900&amp;ssl=1\" data-orig-size=\"1200,900\" data-comments-opened=\"1\" data-image-meta=\"{&quot;aperture&quot;:&quot;0&quot;,&quot;credit&quot;:&quot;&quot;,&quot;camera&quot;:&quot;&quot;,&quot;caption&quot;:&quot;&quot;,&quot;created_timestamp&quot;:&quot;0&quot;,&quot;copyright&quot;:&quot;&quot;,&quot;focal_length&quot;:&quot;0&quot;,&quot;iso&quot;:&quot;0&quot;,&quot;shutter_speed&quot;:&quot;0&quot;,&quot;title&quot;:&quot;&quot;,&quot;orientation&quot;:&quot;0&quot;}\" data-image-title=\"pilgrims in st jean pied de port\" data-image-description=\"&lt;p&gt;pilgrims in st jean pied de port&lt;\/p&gt;\" data-image-caption=\"&lt;p&gt;pilgrims in st jean pied de port&lt;\/p&gt;\" data-large-file=\"https:\/\/i0.wp.com\/followtheyellowshell.com\/wp-content\/uploads\/2016\/05\/pilgrims-in-st-jean-pied-du-pont.jpg?fit=1024%2C768&amp;ssl=1\" \/>\t\t\t\t\t\t\t\t\t\t\t<figcaption class=\"widget-image-caption wp-caption-text\">Au\u00dferhalb des Pilgerb\u00fcros in Saint-Jean-Pied-de-Port<\/figcaption>\n\t\t\t\t\t\t\t\t\t\t<\/figure>\n\t\t\t\t\t\t\t\t\t<\/div>\n\t\t\t\t<\/div>\n\t\t\t\t<div class=\"elementor-element elementor-element-1097854 elementor-widget elementor-widget-text-editor\" data-id=\"1097854\" data-element_type=\"widget\" data-e-type=\"widget\" data-widget_type=\"text-editor.default\">\n\t\t\t\t<div class=\"elementor-widget-container\">\n\t\t\t\t\t\t\t\t\t<p>Es war ein herrlicher Tag in St. Jean, aber wir sollten bald herausfinden, dass das Wetter in den Pyren\u00e4en sehr schnell umschlagen kann.<\/p><p>Es war nur ein kurzer 5 km langer Fu\u00dfmarsch zu einer Herberge, die wir gebucht hatten und die <a href=\"https:\/\/www.booking.com\/hotel\/fr\/ferme-ithurburia.en.html?aid=7928239&amp;no_rooms=1&amp;group_adults=2\" target=\"_blank\" rel=\"noopener\">Ferme Ithurburia <\/a>in Huntto, das etwa 3 km vor der Herberge in Orisson liegt.\u00a0<\/p><p>Dieser 5 km kurze Spaziergang dauerte etwa eineinhalb Stunden und f\u00fchlte sich an, als ginge es steil bergauf. Was f\u00fcr eine Einf\u00fchrung in den Camino Franc\u00e9s.\u00a0<\/p>\t\t\t\t\t\t\t\t<\/div>\n\t\t\t\t<\/div>\n\t\t\t\t<div class=\"elementor-element elementor-element-d6d3298 elementor-widget elementor-widget-video\" data-id=\"d6d3298\" data-element_type=\"widget\" data-e-type=\"widget\" data-settings=\"{&quot;youtube_url&quot;:&quot;https:\\\/\\\/www.youtube.com\\\/watch?v=qzxICxcRYyA&quot;,&quot;video_type&quot;:&quot;youtube&quot;,&quot;controls&quot;:&quot;yes&quot;}\" data-widget_type=\"video.default\">\n\t\t\t\t<div class=\"elementor-widget-container\">\n\t\t\t\t\t\t\t<div class=\"elementor-wrapper elementor-open-inline\">\n\t\t\t<div class=\"elementor-video\"><\/div>\t\t<\/div>\n\t\t\t\t\t\t<\/div>\n\t\t\t\t<\/div>\n\t\t\t\t<div class=\"elementor-element elementor-element-6be589a elementor-widget elementor-widget-text-editor\" data-id=\"6be589a\" data-element_type=\"widget\" data-e-type=\"widget\" data-widget_type=\"text-editor.default\">\n\t\t\t\t<div class=\"elementor-widget-container\">\n\t\t\t\t\t\t\t\t\t<p>Wir kamen w\u00e4hrend eines heftigen Gewitters in Huntto an, genau als das gemeinsame Abendessen serviert wurde, und mussten uns schnell umziehen, um noch etwas zu essen zu bekommen.\u00a0<\/p><p>Unser Abendessen bestand aus Salat, H\u00e4hnchen und einem Dessert, wurde mit Rotwein heruntergesp\u00fclt und war sehr angenehm.<\/p><p>Wir haben dies mit 22 anderen Menschen aus der ganzen Welt genossen und es erwies sich als ein gro\u00dfartiger Einstieg in unsere erste Nacht auf dem Jakobsweg.<\/p><p>Es war erstaunlich, Menschen aus aller Welt zuzuh\u00f6ren und von ihnen zu lernen, besonders ihre Geschichten dar\u00fcber, warum sie den Camino gehen.<\/p><p>Was h\u00e4lt der Rest des Camino Franc\u00e9s f\u00fcr uns bereit? Ich kann es kaum erwarten, es herauszufinden.<\/p>\t\t\t\t\t\t\t\t<\/div>\n\t\t\t\t<\/div>\n\t\t\t\t<div class=\"elementor-element elementor-element-edd45e3 elementor-widget elementor-widget-heading\" data-id=\"edd45e3\" data-element_type=\"widget\" data-e-type=\"widget\" data-widget_type=\"heading.default\">\n\t\t\t\t<div class=\"elementor-widget-container\">\n\t\t\t\t\t<h2 class=\"elementor-heading-title elementor-size-default\">Welche Bescheinigung kann ich erhalten, wenn ich meinen Camino beende?<\/h2>\t\t\t\t<\/div>\n\t\t\t\t<\/div>\n\t\t\t\t<div class=\"elementor-element elementor-element-7f02c8b elementor-widget elementor-widget-text-editor\" data-id=\"7f02c8b\" data-element_type=\"widget\" data-e-type=\"widget\" data-widget_type=\"text-editor.default\">\n\t\t\t\t<div class=\"elementor-widget-container\">\n\t\t\t\t\t\t\t\t\t<p>Nachdem Sie den Jakobsweg abgeschlossen haben, k\u00f6nnen Sie Ihre offizielle Abschlussurkunde, die sogenannte \u2018Compostela\u2019, erhalten.\u00a0<\/p><p>Solange du auf dem Camino mindestens die letzten 100 km zu Fu\u00df zur\u00fcckgelegt und f\u00fcr jeden Tag Stempel erhalten hast, hast du Anspruch auf deine Compostela.\u00a0<\/p><p>Diese Briefmarken sind in Caf\u00e9s, Bars, Albergues, Kirchen und \u00fcberall dort zu finden, wo Pilger Halt machen.\u00a0<\/p><p>Als Faustregel gilt, dass man mindestens 2 Stempel pro Tag bekommen sollte. Ich hatte einige Tage mit nur 1 Stempel und einige mit \u00fcber 4. Halten Sie sich an die 2 Stempel pro Tag und es wird Ihnen gut gehen.<\/p><p>Das Passamt in Santiago ist die Anlaufstelle f\u00fcr alle Pilger, die ihr Ziel erreicht haben, und ist unter folgender Adresse zu finden:<\/p><h3><b>Empfangsb\u00fcro der Pilger<\/b><\/h3><p>R\u00faa Carretas, n\u00ba33 (Zugang \u00fcber Garc\u00eda Sabell)<br \/>15705 Santiago de Compostela<br \/>A Coru\u00f1a - ESPA\u00d1A<\/p><p>Tel.: +34 981 568 846<\/p><p>Das B\u00fcro ist von 10 bis 18 Uhr ge\u00f6ffnet, mit Ausnahme des ersten und zweiten Weihnachtsfeiertags sowie des Neujahrstages, an denen Sie Ihre Anmeldebescheinigung in der Kathedrale erhalten k\u00f6nnen.<\/p><p>Unser erster vollst\u00e4ndiger Tag auf dem Camino Frances beginnt morgen und wir freuen uns wirklich sehr darauf, was unsere Pilgerreise bringen wird.<\/p>\t\t\t\t\t\t\t\t<\/div>\n\t\t\t\t<\/div>\n\t\t\t\t<div class=\"elementor-element elementor-element-73fa4c1 elementor-widget elementor-widget-heading\" data-id=\"73fa4c1\" data-element_type=\"widget\" data-e-type=\"widget\" data-widget_type=\"heading.default\">\n\t\t\t\t<div class=\"elementor-widget-container\">\n\t\t\t\t\t<h2 class=\"elementor-heading-title elementor-size-default\">Verwandte Artikel<\/h2>\t\t\t\t<\/div>\n\t\t\t\t<\/div>\n\t\t\t\t<div class=\"elementor-element elementor-element-3369ae9 elementor-widget elementor-widget-text-editor\" data-id=\"3369ae9\" data-element_type=\"widget\" data-e-type=\"widget\" data-widget_type=\"text-editor.default\">\n\t\t\t\t<div class=\"elementor-widget-container\">\n\t\t\t\t\t\t\t\t\t<ul><li><strong><a href=\"https:\/\/followtheyellowshell.com\/de\/herbergen-auf-dem-jakobsweg\/\">Herbergen am Jakobsweg \u2013 Was Sie wissen m\u00fcssen<\/a><\/strong><\/li><li><strong><a href=\"https:\/\/followtheyellowshell.com\/de\/albergues-in-orisson\/\">Albergues in Orisson<\/a><\/strong><\/li><li style=\"font-size: 20px;\"><strong><a href=\"https:\/\/followtheyellowshell.com\/de\/albergues-in-roncesvalles\/\">Albergues in Roncesvalles<\/a><\/strong><\/li><\/ul>\t\t\t\t\t\t\t\t<\/div>\n\t\t\t\t<\/div>\n\t\t\t\t\t<\/div>\n\t\t<\/div>\n\t\t\t\t\t<\/div>\n\t\t<\/section>\n\t\t\t\t<\/div>","protected":false},"excerpt":{"rendered":"<p>It&#8217;s arrival day in St Jean Pied de Port and the day has finally come. After 2 years of planning [&hellip;]<\/p>\n","protected":false},"author":76405655,"featured_media":378,"comment_status":"open","ping_status":"open","sticky":false,"template":"","format":"standard","meta":{"site-sidebar-layout":"default","site-content-layout":"","ast-site-content-layout":"default","site-content-style":"default","site-sidebar-style":"default","ast-global-header-display":"","ast-banner-title-visibility":"","ast-main-header-display":"","ast-hfb-above-header-display":"","ast-hfb-below-header-display":"","ast-hfb-mobile-header-display":"","site-post-title":"","ast-breadcrumbs-content":"","ast-featured-img":"","footer-sml-layout":"","theme-transparent-header-meta":"","adv-header-id-meta":"","stick-header-meta":"","header-above-stick-meta":"","header-main-stick-meta":"","header-below-stick-meta":"","astra-migrate-meta-layouts":"set","ast-page-background-enabled":"default","ast-page-background-meta":{"desktop":{"background-color":"","background-image":"","background-repeat":"repeat","background-position":"center center","background-size":"auto","background-attachment":"scroll","background-type":"","background-media":"","overlay-type":"","overlay-color":"","overlay-gradient":""},"tablet":{"background-color":"","background-image":"","background-repeat":"repeat","background-position":"center center","background-size":"auto","background-attachment":"scroll","background-type":"","background-media":"","overlay-type":"","overlay-color":"","overlay-gradient":""},"mobile":{"background-color":"","background-image":"","background-repeat":"repeat","background-position":"center center","background-size":"auto","background-attachment":"scroll","background-type":"","background-media":"","overlay-type":"","overlay-color":"","overlay-gradient":""}},"ast-content-background-meta":{"desktop":{"background-color":"var(--ast-global-color-5)","background-image":"","background-repeat":"repeat","background-position":"center center","background-size":"auto","background-attachment":"scroll","background-type":"","background-media":"","overlay-type":"","overlay-color":"","overlay-gradient":""},"tablet":{"background-color":"var(--ast-global-color-5)","background-image":"","background-repeat":"repeat","background-position":"center center","background-size":"auto","background-attachment":"scroll","background-type":"","background-media":"","overlay-type":"","overlay-color":"","overlay-gradient":""},"mobile":{"background-color":"var(--ast-global-color-5)","background-image":"","background-repeat":"repeat","background-position":"center center","background-size":"auto","background-attachment":"scroll","background-type":"","background-media":"","overlay-type":"","overlay-color":"","overlay-gradient":""}},"_jetpack_newsletter_access":"","_jetpack_dont_email_post_to_subs":false,"_jetpack_newsletter_tier_id":0,"_jetpack_memberships_contains_paywalled_content":false,"_wpcom_ai_launchpad_first_post":false,"_jetpack_feature_clip_id":0,"_jetpack_memberships_contains_paid_content":false,"footnotes":"","jetpack_publicize_message":"","jetpack_publicize_feature_enabled":true,"jetpack_social_post_already_shared":true,"jetpack_social_options":{"image_generator_settings":{"template":"highway","default_image_id":0,"font":"","enabled":false},"version":2},"_wpas_customize_per_network":false,"jetpack_post_was_ever_published":false},"categories":[438393300],"tags":[438393605],"class_list":["post-357","post","type-post","status-publish","format-standard","has-post-thumbnail","hentry","category-camino-frances-2016","tag-st-jean-pied-de-port"],"jetpack_publicize_connections":[],"jetpack_likes_enabled":true,"jetpack_sharing_enabled":true,"jetpack_shortlink":"https:\/\/wp.me\/p5qlUV-5L","jetpack_featured_media_url":"https:\/\/i0.wp.com\/followtheyellowshell.com\/wp-content\/uploads\/2016\/05\/img_2418.jpg?fit=852%2C640&ssl=1","_links":{"self":[{"href":"https:\/\/followtheyellowshell.com\/de\/wp-json\/wp\/v2\/posts\/357","targetHints":{"allow":["GET"]}}],"collection":[{"href":"https:\/\/followtheyellowshell.com\/de\/wp-json\/wp\/v2\/posts"}],"about":[{"href":"https:\/\/followtheyellowshell.com\/de\/wp-json\/wp\/v2\/types\/post"}],"author":[{"embeddable":true,"href":"https:\/\/followtheyellowshell.com\/de\/wp-json\/wp\/v2\/users\/76405655"}],"replies":[{"embeddable":true,"href":"https:\/\/followtheyellowshell.com\/de\/wp-json\/wp\/v2\/comments?post=357"}],"version-history":[{"count":87,"href":"https:\/\/followtheyellowshell.com\/de\/wp-json\/wp\/v2\/posts\/357\/revisions"}],"predecessor-version":[{"id":20651,"href":"https:\/\/followtheyellowshell.com\/de\/wp-json\/wp\/v2\/posts\/357\/revisions\/20651"}],"wp:featuredmedia":[{"embeddable":true,"href":"https:\/\/followtheyellowshell.com\/de\/wp-json\/wp\/v2\/media\/378"}],"wp:attachment":[{"href":"https:\/\/followtheyellowshell.com\/de\/wp-json\/wp\/v2\/media?parent=357"}],"wp:term":[{"taxonomy":"category","embeddable":true,"href":"https:\/\/followtheyellowshell.com\/de\/wp-json\/wp\/v2\/categories?post=357"},{"taxonomy":"post_tag","embeddable":true,"href":"https:\/\/followtheyellowshell.com\/de\/wp-json\/wp\/v2\/tags?post=357"}],"curies":[{"name":"wp","href":"https:\/\/api.w.org\/{rel}","templated":true}]}}